{"id":42736,"date":"2025-07-17T15:36:36","date_gmt":"2025-07-17T12:36:36","guid":{"rendered":"https:\/\/www.egemtv.com\/?p=42736"},"modified":"2025-07-17T15:36:39","modified_gmt":"2025-07-17T12:36:39","slug":"alzheimer-ve-demans-hastalari-etkinliklerle-hayata-tutunuyor","status":"publish","type":"post","link":"https:\/\/www.egemtv.com\/?p=42736","title":{"rendered":"Alzheimer ve Demans hastalar\u0131 etkinliklerle hayata tutunuyor"},"content":{"rendered":"<p>Yunusemre Belediye Ba\u015fkan\u0131 Semih Balaban, Alzheimer ve Demans Dan\u0131\u015fma ve Dayan\u0131\u015fma Merkezi s\u00f6z\u00fcn\u00fc hayata ge\u00e7irdi. Alzheimer ve Demans hastalar\u0131na y\u00f6nelik \u00e7al\u0131\u015fmalar\u0131n\u0131 s\u00fcrd\u00fcren merkez sayesinde hastalar hem hayat kalitesini art\u0131r\u0131yor hem de \u00e7e\u015fitli etkinlikler ile sosyalle\u015fiyor.<br \/>\n<br \/>Toplumun \u00f6nemli bir kesimini etkileyen Alzheimer ve Demans hastalar\u0131n\u0131n hayatlar\u0131 Yunusemre Belediyesi ile g\u00fczelle\u015fiyor. Yunusemre Belediyesi ve T\u00fcrkiye Alzheimer Derne\u011fi Manisa \u015eubesi i\u015fbirli\u011fi ile Ferdi Zeyrek Millet \u00c7ar\u015f\u0131s\u0131 2.kat\u0131nda faaliyete ge\u00e7irilen Alzheimer ve Demans Dan\u0131\u015fma ve Dayan\u0131\u015fma Merkezi hasta ve hasta yak\u0131nlar\u0131na y\u00f6nelik olarak y\u00fcr\u00fctt\u00fc\u011f\u00fc \u00e7al\u0131\u015fmalar\u0131n\u0131 s\u00fcrd\u00fcr\u00fcyor. Merkezde Alzheimer ve Demans hastalar\u0131na y\u00f6nelik olarak ger\u00e7ekle\u015ftirilen el i\u015fi, resim, m\u00fczik, fiziksel aktivite ve \u00e7e\u015fitli oyunlarla hayat kaliteleri art\u0131r\u0131l\u0131rken, hasta yak\u0131nlar\u0131na ise bu hastal\u0131klar ile ilgili ba\u015f etme y\u00f6ntemleri, hastal\u0131k hakk\u0131nda fark\u0131ndal\u0131\u011f\u0131n art\u0131r\u0131lmas\u0131 ve yasal haklar konusunda bilgilendirmelerde bulunuluyor.<\/p>\n<p>&#8220;Amac\u0131m\u0131z hayat kalitelerini art\u0131rmak&#8221;<br \/>\n<br \/>Yunusemre Belediyesi Alzheimer ve Demans Dan\u0131\u015fma ve Dayan\u0131\u015fma Merkezi Sorumlusu Duygu Selcan G\u00fcnd\u00fcz, ama\u00e7lar\u0131n\u0131n hasta ve hasta yak\u0131nlar\u0131n\u0131n hayat kalitelerini art\u0131rmak oldu\u011funu belirtti. G\u00fcnd\u00fcz, &#8220;Faaliyete ba\u015flayan merkezimizde hasta ve hasta yak\u0131nlar\u0131n\u0131n hayat kalitelerini art\u0131rmak amac\u0131yla \u00e7al\u0131\u015fmalar\u0131m\u0131z\u0131 s\u00fcrd\u00fcr\u00fcyoruz. \u00c7e\u015fitli etkinliklerle bu merkezde hizmet veriyoruz. Merkezimizde bize \u00e7al\u0131\u015fmalar\u0131m\u0131zda destek sa\u011flayan T\u00fcrkiye Alzheimer Derne\u011fi Manisa \u015eubemize, Celal Bayar \u00dcniversitesi hocalar\u0131m\u0131za ve Belediye Ba\u015fkan\u0131m\u0131z Semih Balaban\u2019a te\u015fekk\u00fcr ediyorum.&#8221; diye konu\u015ftu.<\/p>\n<p>&#8220;Mutluluklar\u0131 paha bi\u00e7ilmez&#8221;<br \/>\n<br \/>Demans hastas\u0131 Sultan E\u015fbah\u2019\u0131n e\u015fi Ali E\u015fbah, merkezden duydu\u011fu memnuniyeti ifade etti. E\u015fbah konu ile ilgili olarak yapt\u0131\u011f\u0131 a\u00e7\u0131klamada \u015fu ifadeleri kulland\u0131: &#8220;Amac\u0131m\u0131z e\u015fimin mutlulu\u011fu ve huzuru. E\u015fim buraya geldi\u011finde aktiviteler yapt\u0131\u011f\u0131nda kendisini mutlu hissediyor. Hem sosyalle\u015fiyor, hem u\u011fra\u015flar ediniyor. Buradan eve gitti\u011fimizde mutlu oluyor. Biz de onun mutlulu\u011fu ile mutlu oluyoruz. B\u00f6yle bir merkezi hizmete a\u00e7t\u0131\u011f\u0131 i\u00e7in Yunusemre Belediye Ba\u015fkan\u0131m\u0131z Semih Balaban ve ekibine \u00e7ok te\u015fekk\u00fcr ediyorum.&#8221;<\/p>\n<p>&#8220;E\u015fim bazen beni tan\u0131m\u0131yor&#8221;<br \/>\n<br \/>Alzheimer hastas\u0131 Hatice G\u00fcng\u00f6r\u2019\u00fcn e\u015fi Ya\u015far G\u00fcng\u00f6r ise konu ile ilgili olarak yapt\u0131\u011f\u0131 a\u00e7\u0131klamada \u015f\u00f6yle konu\u015ftu: &#8220;Allah kimsenin ba\u015f\u0131na vermesin. Zor bir rahats\u0131zl\u0131k. 55 y\u0131ll\u0131k e\u015fim bazen beni bile tan\u0131m\u0131yor. Rahats\u0131zl\u0131\u011f\u0131n\u0131 ge\u00e7 fark ettik. Bu merkez bizim i\u00e7in faydal\u0131 oluyor. Bizim gibi hastas\u0131 olan herkese bu merkezi tavsiye ederim.&#8221;<br \/>\n<br \/>Yunusemre Belediyesi Ferdi Zeyrek Millet \u00c7ar\u015f\u0131s\u0131 2. katta hizmet veren Yunusemre Belediyesi Alzheimer ve Demans Dan\u0131\u015fma ve Dayan\u0131\u015fma Merkezi\u2019nden faydalanmak isteyen vatanda\u015flar konu ile ilgili 444 62 09 numaral\u0131 \u00e7a\u011fr\u0131 merkezinden detayl\u0131 bilgi alabilecek.<br \/><\/p>\n","protected":false},"excerpt":{"rendered":"<p>Yunusemre Belediye Ba\u015fkan\u0131 Semih Balaban, Alzheimer ve Demans Dan\u0131\u015fma ve Dayan\u0131\u015fma Merkezi s\u00f6z\u00fcn\u00fc hayata ge\u00e7irdi. Alzheimer ve Demans hastalar\u0131na y\u00f6nelik \u00e7al\u0131\u015fmalar\u0131n\u0131 s\u00fcrd\u00fcren merkez sayesinde hastalar hem hayat kalitesini art\u0131r\u0131yor hem de \u00e7e\u015fitli etkinlikler ile sosyalle\u015fiyor. Toplumun \u00f6nemli bir kesimini etkileyen Alzheimer ve Demans hastalar\u0131n\u0131n hayatlar\u0131 Yunusemre Belediyesi ile g\u00fczelle\u015fiyor. Yunusemre Belediyesi ve T\u00fcrkiye Alzheimer Derne\u011fi&#8230;<\/p>\n","protected":false},"author":1,"featured_media":42737,"comment_status":"open","ping_status":"open","sticky":false,"template":"","format":"standard","meta":{"_crdt_document":"","footnotes":""},"categories":[2],"tags":[],"class_list":["post-42736","post","type-post","status-publish","format-standard","has-post-thumbnail","hentry","category-saglik"],"_links":{"self":[{"href":"https:\/\/www.egemtv.com\/index.php?rest_route=\/wp\/v2\/posts\/42736","targetHints":{"allow":["GET"]}}],"collection":[{"href":"https:\/\/www.egemtv.com\/index.php?rest_route=\/wp\/v2\/posts"}],"about":[{"href":"https:\/\/www.egemtv.com\/index.php?rest_route=\/wp\/v2\/types\/post"}],"author":[{"embeddable":true,"href":"https:\/\/www.egemtv.com\/index.php?rest_route=\/wp\/v2\/users\/1"}],"replies":[{"embeddable":true,"href":"https:\/\/www.egemtv.com\/index.php?rest_route=%2Fwp%2Fv2%2Fcomments&post=42736"}],"version-history":[{"count":1,"href":"https:\/\/www.egemtv.com\/index.php?rest_route=\/wp\/v2\/posts\/42736\/revisions"}],"predecessor-version":[{"id":42738,"href":"https:\/\/www.egemtv.com\/index.php?rest_route=\/wp\/v2\/posts\/42736\/revisions\/42738"}],"wp:featuredmedia":[{"embeddable":true,"href":"https:\/\/www.egemtv.com\/index.php?rest_route=\/wp\/v2\/media\/42737"}],"wp:attachment":[{"href":"https:\/\/www.egemtv.com\/index.php?rest_route=%2Fwp%2Fv2%2Fmedia&parent=42736"}],"wp:term":[{"taxonomy":"category","embeddable":true,"href":"https:\/\/www.egemtv.com\/index.php?rest_route=%2Fwp%2Fv2%2Fcategories&post=42736"},{"taxonomy":"post_tag","embeddable":true,"href":"https:\/\/www.egemtv.com\/index.php?rest_route=%2Fwp%2Fv2%2Ftags&post=42736"}],"curies":[{"name":"wp","href":"https:\/\/api.w.org\/{rel}","templated":true}]}}