{"id":42733,"date":"2025-07-17T15:36:34","date_gmt":"2025-07-17T12:36:34","guid":{"rendered":"https:\/\/www.egemtv.com\/?p=42733"},"modified":"2025-07-17T15:36:36","modified_gmt":"2025-07-17T12:36:36","slug":"sokak-hayvanlarinin-korunmasi-icin-bir-araya-gelindi","status":"publish","type":"post","link":"https:\/\/www.egemtv.com\/?p=42733","title":{"rendered":"Sokak hayvanlar\u0131n\u0131n korunmas\u0131 i\u00e7in bir araya gelindi"},"content":{"rendered":"<p>Afyonkarahisar\u2019da sokak hayvanlar\u0131n\u0131n korunmas\u0131 ve ya\u015fam \u015fartlar\u0131n\u0131n iyile\u015ftirilmesi noktas\u0131nda Vali Do\u00e7. Dr. K\u00fcbra G\u00fcran Yi\u011fitba\u015f\u0131 \u00f6nc\u00fcl\u00fc\u011f\u00fcnde toplant\u0131 ger\u00e7ekle\u015ftirildi.<br \/>\n<br \/>Vali Yi\u011fitba\u015f\u0131 ba\u015fkanl\u0131\u011f\u0131nda, Vali Yard\u0131mc\u0131s\u0131 Murat B\u00fcy\u00fckk\u00f6se, \u0130l Tar\u0131m ve Orman M\u00fcd\u00fcr\u00fc \u00d6zkan Parlak, Do\u011fa Koruma ve Milli Parklar B\u00f6lge M\u00fcd\u00fcr\u00fc Kemal Can, Milli Parklar \u0130l M\u00fcd\u00fcr Vekili Mahsun Alan ve Hayvanlar\u0131 Koruma \u015eube M\u00fcd\u00fcr\u00fc Murat Karya\u011fd\u0131\u2019n\u0131n kat\u0131l\u0131m\u0131yla sokak hayvanlar\u0131yla ilgili de\u011ferlendirme toplant\u0131s\u0131 ger\u00e7ekle\u015ftirildi.<br \/>\n<br \/>Toplant\u0131da, kurumlar\u0131n mevzuat gere\u011fi sorumluluklar\u0131 ele al\u0131narak sokak hayvanlar\u0131na y\u00f6nelik \u00e7al\u0131\u015fmalar de\u011ferlendirildi; ilgili kurumlar aras\u0131nda i\u015f birli\u011fi ve koordinasyonun g\u00fc\u00e7lendirilmesine y\u00f6nelik kararlar al\u0131nd\u0131.<br \/><\/p>\n","protected":false},"excerpt":{"rendered":"<p>Afyonkarahisar\u2019da sokak hayvanlar\u0131n\u0131n korunmas\u0131 ve ya\u015fam \u015fartlar\u0131n\u0131n iyile\u015ftirilmesi noktas\u0131nda Vali Do\u00e7. Dr. K\u00fcbra G\u00fcran Yi\u011fitba\u015f\u0131 \u00f6nc\u00fcl\u00fc\u011f\u00fcnde toplant\u0131 ger\u00e7ekle\u015ftirildi. Vali Yi\u011fitba\u015f\u0131 ba\u015fkanl\u0131\u011f\u0131nda, Vali Yard\u0131mc\u0131s\u0131 Murat B\u00fcy\u00fckk\u00f6se, \u0130l Tar\u0131m ve Orman M\u00fcd\u00fcr\u00fc \u00d6zkan Parlak, Do\u011fa Koruma ve Milli Parklar B\u00f6lge M\u00fcd\u00fcr\u00fc Kemal Can, Milli Parklar \u0130l M\u00fcd\u00fcr Vekili Mahsun Alan ve Hayvanlar\u0131 Koruma \u015eube M\u00fcd\u00fcr\u00fc Murat Karya\u011fd\u0131\u2019n\u0131n&#8230;<\/p>\n","protected":false},"author":1,"featured_media":42734,"comment_status":"open","ping_status":"open","sticky":false,"template":"","format":"standard","meta":{"_crdt_document":"","footnotes":""},"categories":[1],"tags":[],"class_list":["post-42733","post","type-post","status-publish","format-standard","has-post-thumbnail","hentry","category-guncel"],"_links":{"self":[{"href":"https:\/\/www.egemtv.com\/index.php?rest_route=\/wp\/v2\/posts\/42733","targetHints":{"allow":["GET"]}}],"collection":[{"href":"https:\/\/www.egemtv.com\/index.php?rest_route=\/wp\/v2\/posts"}],"about":[{"href":"https:\/\/www.egemtv.com\/index.php?rest_route=\/wp\/v2\/types\/post"}],"author":[{"embeddable":true,"href":"https:\/\/www.egemtv.com\/index.php?rest_route=\/wp\/v2\/users\/1"}],"replies":[{"embeddable":true,"href":"https:\/\/www.egemtv.com\/index.php?rest_route=%2Fwp%2Fv2%2Fcomments&post=42733"}],"version-history":[{"count":1,"href":"https:\/\/www.egemtv.com\/index.php?rest_route=\/wp\/v2\/posts\/42733\/revisions"}],"predecessor-version":[{"id":42735,"href":"https:\/\/www.egemtv.com\/index.php?rest_route=\/wp\/v2\/posts\/42733\/revisions\/42735"}],"wp:featuredmedia":[{"embeddable":true,"href":"https:\/\/www.egemtv.com\/index.php?rest_route=\/wp\/v2\/media\/42734"}],"wp:attachment":[{"href":"https:\/\/www.egemtv.com\/index.php?rest_route=%2Fwp%2Fv2%2Fmedia&parent=42733"}],"wp:term":[{"taxonomy":"category","embeddable":true,"href":"https:\/\/www.egemtv.com\/index.php?rest_route=%2Fwp%2Fv2%2Fcategories&post=42733"},{"taxonomy":"post_tag","embeddable":true,"href":"https:\/\/www.egemtv.com\/index.php?rest_route=%2Fwp%2Fv2%2Ftags&post=42733"}],"curies":[{"name":"wp","href":"https:\/\/api.w.org\/{rel}","templated":true}]}}