{"id":42730,"date":"2025-07-17T15:36:31","date_gmt":"2025-07-17T12:36:31","guid":{"rendered":"https:\/\/www.egemtv.com\/?p=42730"},"modified":"2025-07-17T15:36:33","modified_gmt":"2025-07-17T12:36:33","slug":"aydinda-barajlarin-doluluk-seviyeleri-belli-oldu-2","status":"publish","type":"post","link":"https:\/\/www.egemtv.com\/?p=42730","title":{"rendered":"Ayd\u0131n\u2019da barajlar\u0131n doluluk seviyeleri belli oldu"},"content":{"rendered":"<p>\u00d6nemli tar\u0131m kentlerinden olan Ayd\u0131n\u2019da \u00e7ift\u00e7ilerin can damar\u0131 olan barajlar\u0131n doluluk seviyeleri belli oldu. Ge\u00e7ti\u011fimiz y\u0131l 17 Temmuz tarihinde y\u00fczde 13 olan doluluk seviyesi bu y\u0131l y\u00fczde 15 oldu.<\/p>\n<p>\u00c7ift\u00e7i say\u0131s\u0131 y\u00fcksek olan illerden olan Ayd\u0131n\u2019da \u00fcreticilerin merakla takip etti\u011fi barajlardaki doluluk oranlar\u0131n\u0131n Temmuz ay\u0131 rakamlar\u0131 belli oldu. Ayd\u0131n \u0130l Koordinasyon Kurulu Toplant\u0131s\u0131\u2019nda yap\u0131lan sunuma g\u00f6re Ayd\u0131n genelinde 17 Temmuz 2024 y\u0131l\u0131nda y\u00fczde 13 olan doluluk seviyesi 17 Temmuz 2025 y\u0131l\u0131nda y\u00fczde 15 oldu. Ayr\u0131ca uzun y\u0131llar ortalama ya\u011f\u0131\u015f miktar\u0131 661 milimetre olan Ayd\u0131n\u2019da su kaynaklar\u0131 potansiyeli ise yer\u00fcst\u00fc suyu y\u0131ll\u0131k bin 320 hektometrek\u00fcp, yeralt\u0131 suyu y\u0131ll\u0131k 201 hektometrek\u00fcp olmak \u00fczere toplam bin 521 hektometrek\u00fcp olurken, kullan\u0131labilir su kayna\u011f\u0131 potansiyeli ise yer\u00fcst\u00fc suyu y\u0131ll\u0131k bin 28 hektometrek\u00fcp, yeralt\u0131 suyu 201 hektometrek\u00fcp olmak \u00fczere toplam bin 229 hektometrek\u00fcp olarak a\u00e7\u0131kland\u0131.<\/p>\n<p>Payla\u015f\u0131lan 17 Temmuz 2025 verilere g\u00f6re, 414 milyon metrek\u00fcp depolama hacmi olan Kemer Baraj\u0131\u2019nda doluluk oran\u0131 y\u00fczde 24 oldu. 350 milyon metrek\u00fcp depolama hacmi olan \u00c7ine Adnan Menderes Baraj\u0131\u2019nda doluluk oran\u0131 y\u00fczde 12 oldu. 14 milyon metrek\u00fcp depolama hacmi olan G\u00f6kbel Baraj\u0131\u2019nda doluluk oran\u0131 y\u00fczde 57 oldu. 195 milyon metrek\u00fcp depolama hacmi olan \u0130kizdere Baraj\u0131\u2019nda doluluk oran\u0131 y\u00fczde 17 oldu. 95 milyon metrek\u00fcp depolama hacmi olan Top\u00e7am Baraj\u0131\u2019nda doluluk oran\u0131 y\u00fczde 26 oldu. 30 milyon metrek\u00fcp depolama hacmi olan Karpuzlu-Yaylakavak Baraj\u0131\u2019nda doluluk oran\u0131 y\u00fczde 44 oldu. 22 milyon metrek\u00fcp depolama hacmi olan Karacasu Baraj\u0131\u2019nda doluluk oran\u0131 y\u00fczde 53 oldu. 1 milyar 32 milyon metrek\u00fcp depolama hacmi olan Ad\u0131g\u00fczel Baraj\u0131\u2019nda doluluk oran\u0131 y\u00fczde 9 oldu.<br \/><\/p>\n","protected":false},"excerpt":{"rendered":"<p>\u00d6nemli tar\u0131m kentlerinden olan Ayd\u0131n\u2019da \u00e7ift\u00e7ilerin can damar\u0131 olan barajlar\u0131n doluluk seviyeleri belli oldu. Ge\u00e7ti\u011fimiz y\u0131l 17 Temmuz tarihinde y\u00fczde 13 olan doluluk seviyesi bu y\u0131l y\u00fczde 15 oldu. \u00c7ift\u00e7i say\u0131s\u0131 y\u00fcksek olan illerden olan Ayd\u0131n\u2019da \u00fcreticilerin merakla takip etti\u011fi barajlardaki doluluk oranlar\u0131n\u0131n Temmuz ay\u0131 rakamlar\u0131 belli oldu. Ayd\u0131n \u0130l Koordinasyon Kurulu Toplant\u0131s\u0131\u2019nda yap\u0131lan sunuma&#8230;<\/p>\n","protected":false},"author":1,"featured_media":42731,"comment_status":"open","ping_status":"open","sticky":false,"template":"","format":"standard","meta":{"_crdt_document":"","footnotes":""},"categories":[1],"tags":[],"class_list":["post-42730","post","type-post","status-publish","format-standard","has-post-thumbnail","hentry","category-guncel"],"_links":{"self":[{"href":"https:\/\/www.egemtv.com\/index.php?rest_route=\/wp\/v2\/posts\/42730","targetHints":{"allow":["GET"]}}],"collection":[{"href":"https:\/\/www.egemtv.com\/index.php?rest_route=\/wp\/v2\/posts"}],"about":[{"href":"https:\/\/www.egemtv.com\/index.php?rest_route=\/wp\/v2\/types\/post"}],"author":[{"embeddable":true,"href":"https:\/\/www.egemtv.com\/index.php?rest_route=\/wp\/v2\/users\/1"}],"replies":[{"embeddable":true,"href":"https:\/\/www.egemtv.com\/index.php?rest_route=%2Fwp%2Fv2%2Fcomments&post=42730"}],"version-history":[{"count":1,"href":"https:\/\/www.egemtv.com\/index.php?rest_route=\/wp\/v2\/posts\/42730\/revisions"}],"predecessor-version":[{"id":42732,"href":"https:\/\/www.egemtv.com\/index.php?rest_route=\/wp\/v2\/posts\/42730\/revisions\/42732"}],"wp:featuredmedia":[{"embeddable":true,"href":"https:\/\/www.egemtv.com\/index.php?rest_route=\/wp\/v2\/media\/42731"}],"wp:attachment":[{"href":"https:\/\/www.egemtv.com\/index.php?rest_route=%2Fwp%2Fv2%2Fmedia&parent=42730"}],"wp:term":[{"taxonomy":"category","embeddable":true,"href":"https:\/\/www.egemtv.com\/index.php?rest_route=%2Fwp%2Fv2%2Fcategories&post=42730"},{"taxonomy":"post_tag","embeddable":true,"href":"https:\/\/www.egemtv.com\/index.php?rest_route=%2Fwp%2Fv2%2Ftags&post=42730"}],"curies":[{"name":"wp","href":"https:\/\/api.w.org\/{rel}","templated":true}]}}