{"id":42727,"date":"2025-07-17T15:36:28","date_gmt":"2025-07-17T12:36:28","guid":{"rendered":"https:\/\/www.egemtv.com\/?p=42727"},"modified":"2025-07-17T15:36:31","modified_gmt":"2025-07-17T12:36:31","slug":"temizlenmeyen-kuru-otlar-yangina-neden-oldu","status":"publish","type":"post","link":"https:\/\/www.egemtv.com\/?p=42727","title":{"rendered":"Temizlenmeyen kuru otlar yang\u0131na neden oldu"},"content":{"rendered":"<p>Manisa\u2019n\u0131n Yunusemre il\u00e7esinde belediyeye ve \u015fah\u0131slara ait arazilerde temizlenmeyen otlar yang\u0131na neden oldu. Elektrik trafosundan \u00e7\u0131kan k\u0131v\u0131lc\u0131mlar\u0131n tutu\u015fturdu\u011fu kuru otlar bir alev alarak yay\u0131l\u0131rken yang\u0131n evlere ula\u015fmadan s\u00f6nd\u00fcr\u00fcld\u00fc.<br \/>\n<br \/>Manisa\u2019n\u0131n Yunusemre il\u00e7esi Muradiye Mahallesi\u2019nde yeni in\u015faatlar\u0131n fazla oldu\u011fu bir b\u00f6lgede trafo kaynakl\u0131 \u00e7\u0131kan k\u0131v\u0131lc\u0131m, kuru otlar\u0131n tutu\u015fmas\u0131na neden oldu. K\u0131sa s\u00fcrede yay\u0131lan yang\u0131n, itfaiye ekipleri ve i\u015f makinelerinin m\u00fcdahalesiyle s\u00f6nd\u00fcr\u00fcld\u00fc.<br \/>\n<br \/>Yang\u0131n, Tarla Sokak No: 71\u2019de bulunan \u00c7evik Apartman\u0131 yan\u0131ndaki belediyeye ait bo\u015f alanda meydana geldi. \u0130ddiaya g\u00f6re, b\u00f6lgedeki trafodan \u00e7\u0131kan k\u0131v\u0131lc\u0131m elektrik tellerine s\u0131\u00e7rayarak yere d\u00fc\u015ft\u00fc. Kuru otlar\u0131n tutu\u015fmas\u0131yla birlikte alevler bir anda y\u00fckseldi. Yang\u0131n, yolun kar\u015f\u0131s\u0131nda bulunan bir \u015fahsa ait tarlaya da s\u0131\u00e7rad\u0131. Olay yerine sevk edilen itfaiye ekipleri yang\u0131na m\u00fcdahale ederken, Yunusemre Belediyesi\u2019ne ait i\u015f makineleri de yang\u0131n\u0131n ilerleyi\u015finin \u00f6n\u00fcn\u00fc kesti. Yang\u0131n, ekiplerin yo\u011fun \u00e7abas\u0131yla \u00e7evredeki binalara s\u0131\u00e7ramadan kontrol alt\u0131na al\u0131narak s\u00f6nd\u00fcr\u00fcld\u00fc.<br \/>\n<br \/>B\u00f6lgede ya\u015fayan vatanda\u015flar kuruyan ve temizlenmeyen otlar\u0131n yaz aylar\u0131nda b\u00fcy\u00fck bir tehlikeye neden oldu\u011funu belirterek b\u00f6lgede \u00e7ok say\u0131da bu \u015fekilde alan oldu\u011funu ve kuruyan otlar\u0131n temizlenmesinin yang\u0131nlar i\u00e7in en iyi \u00f6nlem olaca\u011f\u0131n\u0131 belirtti.<br \/><\/p>\n","protected":false},"excerpt":{"rendered":"<p>Manisa\u2019n\u0131n Yunusemre il\u00e7esinde belediyeye ve \u015fah\u0131slara ait arazilerde temizlenmeyen otlar yang\u0131na neden oldu. Elektrik trafosundan \u00e7\u0131kan k\u0131v\u0131lc\u0131mlar\u0131n tutu\u015fturdu\u011fu kuru otlar bir alev alarak yay\u0131l\u0131rken yang\u0131n evlere ula\u015fmadan s\u00f6nd\u00fcr\u00fcld\u00fc. Manisa\u2019n\u0131n Yunusemre il\u00e7esi Muradiye Mahallesi\u2019nde yeni in\u015faatlar\u0131n fazla oldu\u011fu bir b\u00f6lgede trafo kaynakl\u0131 \u00e7\u0131kan k\u0131v\u0131lc\u0131m, kuru otlar\u0131n tutu\u015fmas\u0131na neden oldu. K\u0131sa s\u00fcrede yay\u0131lan yang\u0131n, itfaiye ekipleri ve&#8230;<\/p>\n","protected":false},"author":1,"featured_media":42728,"comment_status":"open","ping_status":"open","sticky":false,"template":"","format":"standard","meta":{"_crdt_document":"","footnotes":""},"categories":[5],"tags":[],"class_list":["post-42727","post","type-post","status-publish","format-standard","has-post-thumbnail","hentry","category-asayis"],"_links":{"self":[{"href":"https:\/\/www.egemtv.com\/index.php?rest_route=\/wp\/v2\/posts\/42727","targetHints":{"allow":["GET"]}}],"collection":[{"href":"https:\/\/www.egemtv.com\/index.php?rest_route=\/wp\/v2\/posts"}],"about":[{"href":"https:\/\/www.egemtv.com\/index.php?rest_route=\/wp\/v2\/types\/post"}],"author":[{"embeddable":true,"href":"https:\/\/www.egemtv.com\/index.php?rest_route=\/wp\/v2\/users\/1"}],"replies":[{"embeddable":true,"href":"https:\/\/www.egemtv.com\/index.php?rest_route=%2Fwp%2Fv2%2Fcomments&post=42727"}],"version-history":[{"count":1,"href":"https:\/\/www.egemtv.com\/index.php?rest_route=\/wp\/v2\/posts\/42727\/revisions"}],"predecessor-version":[{"id":42729,"href":"https:\/\/www.egemtv.com\/index.php?rest_route=\/wp\/v2\/posts\/42727\/revisions\/42729"}],"wp:featuredmedia":[{"embeddable":true,"href":"https:\/\/www.egemtv.com\/index.php?rest_route=\/wp\/v2\/media\/42728"}],"wp:attachment":[{"href":"https:\/\/www.egemtv.com\/index.php?rest_route=%2Fwp%2Fv2%2Fmedia&parent=42727"}],"wp:term":[{"taxonomy":"category","embeddable":true,"href":"https:\/\/www.egemtv.com\/index.php?rest_route=%2Fwp%2Fv2%2Fcategories&post=42727"},{"taxonomy":"post_tag","embeddable":true,"href":"https:\/\/www.egemtv.com\/index.php?rest_route=%2Fwp%2Fv2%2Ftags&post=42727"}],"curies":[{"name":"wp","href":"https:\/\/api.w.org\/{rel}","templated":true}]}}