{"id":42721,"date":"2025-07-17T15:36:23","date_gmt":"2025-07-17T12:36:23","guid":{"rendered":"https:\/\/www.egemtv.com\/?p=42721"},"modified":"2025-07-17T15:36:26","modified_gmt":"2025-07-17T12:36:26","slug":"bodrum-itfaiye-binasi-tamamlandi","status":"publish","type":"post","link":"https:\/\/www.egemtv.com\/?p=42721","title":{"rendered":"Bodrum itfaiye binas\u0131 tamamland\u0131"},"content":{"rendered":"<p>Mu\u011fla B\u00fcy\u00fck\u015fehir Belediyesi taraf\u0131ndan, yang\u0131n, kaza ve do\u011fal afetlere daha h\u0131zl\u0131 ve etkili m\u00fcdahale edilebilmesi amac\u0131yla Bodrum\u2019da yap\u0131m\u0131na ba\u015flanan modern itfaiye hizmet binas\u0131n\u0131n in\u015fas\u0131 tamamland\u0131. Ortakent Mahallesi\u2019nde y\u00fckselen ve ileri d\u00fczey ekipmanlarla donat\u0131lan tesisin, il\u00e7enin acil durumlara kar\u015f\u0131 m\u00fcdahale kapasitesini \u00f6nemli \u00f6l\u00e7\u00fcde art\u0131rmas\u0131 bekleniyor.<br \/>\n<br \/>Yang\u0131n, trafik kazas\u0131, mahsur kalma ve benzeri olaylara h\u0131zl\u0131 m\u00fcdahale imk\u00e2n\u0131 sunacak yeni itfaiye binas\u0131nda t\u00fcm haz\u0131rl\u0131klar tamamlan\u0131rken, tesisin k\u0131sa s\u00fcre i\u00e7inde hizmete a\u00e7\u0131lmas\u0131 planlan\u0131yor. Mu\u011fla B\u00fcy\u00fck\u015fehir Belediyesi taraf\u0131ndan hayata ge\u00e7irilen proje, b\u00f6lgedeki hizmet kalitesini y\u00fckseltmeyi ve kriz anlar\u0131nda ya\u015fanabilecek zaman kayb\u0131n\u0131 en aza indirmeyi hedefliyor.<br \/>\n<br \/>Modern tesis, g\u00fcvenli gelecek<br \/>\n<br \/>Toplam 433 metrekare alan \u00fczerinde in\u015fa edilen itfaiye binas\u0131nda, \u00e7a\u011fda\u015f ihtiya\u00e7lara uygun bir\u00e7ok detay yer al\u0131yor. Tesiste 40 ki\u015filik yemekhane, idari ofisler, oksijen dolum odas\u0131 ve 10 itfaiye arac\u0131n\u0131n konu\u015flanabilece\u011fi geni\u015f ara\u00e7 park alan\u0131 bulunuyor. Ayr\u0131ca \u00e7at\u0131ya yerle\u015ftirilen g\u00fcne\u015f panelleri sayesinde tesisin elektrik ihtiyac\u0131 yenilenebilir enerjiyle kar\u015f\u0131lanacak.<br \/>\n<br \/>Ba\u015fkan Aras: &#8221; Hedefimiz daha g\u00fcvenli bir bodrum&#8221;<br \/>\n<br \/>K\u0131y\u0131 Ege Belediyeler Birli\u011fi ve Mu\u011fla B\u00fcy\u00fck\u015fehir Belediye Ba\u015fkan\u0131 Ahmet Aras, Bodrum \u0130tfaiye Hizmet Binas\u0131n\u0131n b\u00f6lgenin g\u00fcvenli\u011fi a\u00e7\u0131s\u0131ndan \u00f6nemli bir ad\u0131m oldu\u011funu vurgulayarak \u015funlar\u0131 s\u00f6yledi:<br \/>\n<br \/>&#8220;Bodrum gibi yaz aylar\u0131nda n\u00fcfusu katlanan ve risk profili artan bir b\u00f6lgede, h\u0131zl\u0131 ve etkili m\u00fcdahale hayat kurtar\u0131r. Bu anlay\u0131\u015fla, modern teknolojilerle donatt\u0131\u011f\u0131m\u0131z yeni itfaiye binam\u0131zla yaln\u0131zca fiziki kapasitemizi de\u011fil, afetlere kar\u015f\u0131 kurumsal refleksimizi de g\u00fc\u00e7lendiriyoruz. Amac\u0131m\u0131z, hem yurtta\u015flar\u0131m\u0131z\u0131n g\u00fcvenli\u011fini sa\u011flamak hem de hizmet kalitesini her ge\u00e7en g\u00fcn daha da ileri ta\u015f\u0131makt\u0131r&#8221; dedi.<br \/><\/p>\n","protected":false},"excerpt":{"rendered":"<p>Mu\u011fla B\u00fcy\u00fck\u015fehir Belediyesi taraf\u0131ndan, yang\u0131n, kaza ve do\u011fal afetlere daha h\u0131zl\u0131 ve etkili m\u00fcdahale edilebilmesi amac\u0131yla Bodrum\u2019da yap\u0131m\u0131na ba\u015flanan modern itfaiye hizmet binas\u0131n\u0131n in\u015fas\u0131 tamamland\u0131. Ortakent Mahallesi\u2019nde y\u00fckselen ve ileri d\u00fczey ekipmanlarla donat\u0131lan tesisin, il\u00e7enin acil durumlara kar\u015f\u0131 m\u00fcdahale kapasitesini \u00f6nemli \u00f6l\u00e7\u00fcde art\u0131rmas\u0131 bekleniyor. Yang\u0131n, trafik kazas\u0131, mahsur kalma ve benzeri olaylara h\u0131zl\u0131 m\u00fcdahale imk\u00e2n\u0131&#8230;<\/p>\n","protected":false},"author":1,"featured_media":42722,"comment_status":"open","ping_status":"open","sticky":false,"template":"","format":"standard","meta":{"_crdt_document":"","footnotes":""},"categories":[125],"tags":[],"class_list":["post-42721","post","type-post","status-publish","format-standard","has-post-thumbnail","hentry","category-ekonomi"],"_links":{"self":[{"href":"https:\/\/www.egemtv.com\/index.php?rest_route=\/wp\/v2\/posts\/42721","targetHints":{"allow":["GET"]}}],"collection":[{"href":"https:\/\/www.egemtv.com\/index.php?rest_route=\/wp\/v2\/posts"}],"about":[{"href":"https:\/\/www.egemtv.com\/index.php?rest_route=\/wp\/v2\/types\/post"}],"author":[{"embeddable":true,"href":"https:\/\/www.egemtv.com\/index.php?rest_route=\/wp\/v2\/users\/1"}],"replies":[{"embeddable":true,"href":"https:\/\/www.egemtv.com\/index.php?rest_route=%2Fwp%2Fv2%2Fcomments&post=42721"}],"version-history":[{"count":1,"href":"https:\/\/www.egemtv.com\/index.php?rest_route=\/wp\/v2\/posts\/42721\/revisions"}],"predecessor-version":[{"id":42723,"href":"https:\/\/www.egemtv.com\/index.php?rest_route=\/wp\/v2\/posts\/42721\/revisions\/42723"}],"wp:featuredmedia":[{"embeddable":true,"href":"https:\/\/www.egemtv.com\/index.php?rest_route=\/wp\/v2\/media\/42722"}],"wp:attachment":[{"href":"https:\/\/www.egemtv.com\/index.php?rest_route=%2Fwp%2Fv2%2Fmedia&parent=42721"}],"wp:term":[{"taxonomy":"category","embeddable":true,"href":"https:\/\/www.egemtv.com\/index.php?rest_route=%2Fwp%2Fv2%2Fcategories&post=42721"},{"taxonomy":"post_tag","embeddable":true,"href":"https:\/\/www.egemtv.com\/index.php?rest_route=%2Fwp%2Fv2%2Ftags&post=42721"}],"curies":[{"name":"wp","href":"https:\/\/api.w.org\/{rel}","templated":true}]}}