{"id":42718,"date":"2025-07-17T15:36:20","date_gmt":"2025-07-17T12:36:20","guid":{"rendered":"https:\/\/www.egemtv.com\/?p=42718"},"modified":"2025-07-17T15:36:23","modified_gmt":"2025-07-17T12:36:23","slug":"rektor-vekili-senocak-goreve-basladi","status":"publish","type":"post","link":"https:\/\/www.egemtv.com\/?p=42718","title":{"rendered":"Rekt\u00f6r Vekili \u015eenocak g\u00f6reve ba\u015flad\u0131"},"content":{"rendered":"<p>Y\u00fcksek\u00f6\u011fretim Kurulu (Y\u00d6K) Y\u00fcr\u00fctme Kurulu \u00dcyesiyken Afyonkarahisar Sa\u011fl\u0131k Bilimleri \u00dcniversitesi (AFS\u00dc) Rekt\u00f6r Vekili olarak atanan Prof. Dr. Kemal \u015eenocak g\u00f6reve ba\u015flad\u0131.<br \/>\n<br \/>Afyonkarahisar Sa\u011fl\u0131k Bilimleri \u00dcniversitesi (AFS\u00dc) Rekt\u00f6r Vekili olarak, Y\u00fcksek\u00f6\u011fretim Kurulu (Y\u00d6K) Y\u00fcr\u00fctme Kurulu \u00dcyesi Prof. Dr. Kemal \u015eenocak g\u00f6revlendirildi. Rekt\u00f6r Prof. Dr. Nurullah Okumu\u015f\u2019un, Sa\u011fl\u0131k Bakanl\u0131\u011f\u0131 Bakan Yard\u0131mc\u0131l\u0131\u011f\u0131 g\u00f6revine atanmas\u0131 \u00fczerine Y\u00d6K taraf\u0131ndan AFS\u00dc Rekt\u00f6r Vekili olarak atanan Prof. Dr. Kemal \u015eenocak g\u00f6reve ba\u015flad\u0131.<br \/><\/p>\n","protected":false},"excerpt":{"rendered":"<p>Y\u00fcksek\u00f6\u011fretim Kurulu (Y\u00d6K) Y\u00fcr\u00fctme Kurulu \u00dcyesiyken Afyonkarahisar Sa\u011fl\u0131k Bilimleri \u00dcniversitesi (AFS\u00dc) Rekt\u00f6r Vekili olarak atanan Prof. Dr. Kemal \u015eenocak g\u00f6reve ba\u015flad\u0131. Afyonkarahisar Sa\u011fl\u0131k Bilimleri \u00dcniversitesi (AFS\u00dc) Rekt\u00f6r Vekili olarak, Y\u00fcksek\u00f6\u011fretim Kurulu (Y\u00d6K) Y\u00fcr\u00fctme Kurulu \u00dcyesi Prof. Dr. Kemal \u015eenocak g\u00f6revlendirildi. Rekt\u00f6r Prof. Dr. Nurullah Okumu\u015f\u2019un, Sa\u011fl\u0131k Bakanl\u0131\u011f\u0131 Bakan Yard\u0131mc\u0131l\u0131\u011f\u0131 g\u00f6revine atanmas\u0131 \u00fczerine Y\u00d6K taraf\u0131ndan AFS\u00dc&#8230;<\/p>\n","protected":false},"author":1,"featured_media":42719,"comment_status":"open","ping_status":"open","sticky":false,"template":"","format":"standard","meta":{"_crdt_document":"","footnotes":""},"categories":[1],"tags":[],"class_list":["post-42718","post","type-post","status-publish","format-standard","has-post-thumbnail","hentry","category-guncel"],"_links":{"self":[{"href":"https:\/\/www.egemtv.com\/index.php?rest_route=\/wp\/v2\/posts\/42718","targetHints":{"allow":["GET"]}}],"collection":[{"href":"https:\/\/www.egemtv.com\/index.php?rest_route=\/wp\/v2\/posts"}],"about":[{"href":"https:\/\/www.egemtv.com\/index.php?rest_route=\/wp\/v2\/types\/post"}],"author":[{"embeddable":true,"href":"https:\/\/www.egemtv.com\/index.php?rest_route=\/wp\/v2\/users\/1"}],"replies":[{"embeddable":true,"href":"https:\/\/www.egemtv.com\/index.php?rest_route=%2Fwp%2Fv2%2Fcomments&post=42718"}],"version-history":[{"count":1,"href":"https:\/\/www.egemtv.com\/index.php?rest_route=\/wp\/v2\/posts\/42718\/revisions"}],"predecessor-version":[{"id":42720,"href":"https:\/\/www.egemtv.com\/index.php?rest_route=\/wp\/v2\/posts\/42718\/revisions\/42720"}],"wp:featuredmedia":[{"embeddable":true,"href":"https:\/\/www.egemtv.com\/index.php?rest_route=\/wp\/v2\/media\/42719"}],"wp:attachment":[{"href":"https:\/\/www.egemtv.com\/index.php?rest_route=%2Fwp%2Fv2%2Fmedia&parent=42718"}],"wp:term":[{"taxonomy":"category","embeddable":true,"href":"https:\/\/www.egemtv.com\/index.php?rest_route=%2Fwp%2Fv2%2Fcategories&post=42718"},{"taxonomy":"post_tag","embeddable":true,"href":"https:\/\/www.egemtv.com\/index.php?rest_route=%2Fwp%2Fv2%2Ftags&post=42718"}],"curies":[{"name":"wp","href":"https:\/\/api.w.org\/{rel}","templated":true}]}}