{"id":42715,"date":"2025-07-17T15:36:17","date_gmt":"2025-07-17T12:36:17","guid":{"rendered":"https:\/\/www.egemtv.com\/?p=42715"},"modified":"2025-07-17T15:36:20","modified_gmt":"2025-07-17T12:36:20","slug":"muglada-apiterapi-egitimi-basliyor","status":"publish","type":"post","link":"https:\/\/www.egemtv.com\/?p=42715","title":{"rendered":"Mu\u011fla\u2019da apiterapi e\u011fitimi ba\u015fl\u0131yor"},"content":{"rendered":"<p>G\u00fcney Ege Kalk\u0131nma Ajans\u0131 (GEKA) taraf\u0131ndan Mu\u011fla\u2019da ger\u00e7ekle\u015ftirilecek olan \u2019Apiterapi\u2019 e\u011fitimiyle, gen\u00e7ler ve kad\u0131nlar i\u00e7in yeni bir kariyer kap\u0131s\u0131 aralan\u0131yor.<\/p>\n<p>Ar\u0131c\u0131l\u0131k \u00fcr\u00fcnlerinin katma de\u011ferli \u00fcretimi ve analizi konusunda uzmanla\u015fmak isteyen gen\u00e7ler i\u00e7in b\u00fcy\u00fck bir f\u0131rsat kap\u0131da. Mu\u011fla S\u0131tk\u0131 Ko\u00e7man \u00dcniversitesi (MSK\u00dc), Mu\u011fla Ticaret ve Sanayi Odas\u0131 (MUTSO) ve Sanayi ve Teknoloji Bakanl\u0131\u011f\u0131 Kalk\u0131nma Ajanslar\u0131 Genel M\u00fcd\u00fcrl\u00fc\u011f\u00fc koordinasyonunda \u00e7al\u0131\u015fan G\u00fcney Ege Kalk\u0131nma Ajans\u0131 (GEKA) i\u015f birli\u011finde d\u00fczenlenecek olan &#8220;Apiterapi \u00dcr\u00fcnleri \u00dcretimi ve Teknolojisi Uygulamal\u0131 E\u011fitimi&#8221;, 4 A\u011fustos-5 Eyl\u00fcl 2025 tarihleri aras\u0131nda ger\u00e7ekle\u015ftirilecek. Mu\u011fla S\u0131tk\u0131 Ko\u00e7man \u00dcniversitesi laboratuvarlar\u0131 ve Apimu\u011fla Laboratuvar\u0131\u2019nda y\u00fcr\u00fct\u00fclecek olan program, ar\u0131 \u00fcr\u00fcnlerinin \u00fcretimi, analizi ve teknolojisine y\u00f6nelik 160 saatlik yo\u011fun ve uygulamal\u0131 bir e\u011fitim s\u00fcreci sunacak. E\u011fitimler, hafta i\u00e7i her g\u00fcn 09.30-16.30 saatleri aras\u0131nda olacak.<\/p>\n<p>E\u011fitim program\u0131, \u00f6zellikle Kimya M\u00fchendisli\u011fi\/Teknolojisi, G\u0131da M\u00fchendisli\u011fi\/Teknolojisi, Biyoloji, Biyokimya, T\u0131bbi ve Aromatik Bitkiler gibi alanlarda lisans\/\u00f6nlisans d\u00fczeyinde son s\u0131n\u0131f \u00f6\u011frencileri veya mezun olmu\u015f, Mu\u011fla\u2019da ikamet eden 18-30 ya\u015f aras\u0131 gen\u00e7lerin ba\u015fvurusuna a\u00e7\u0131k olacak. Ba\u015fvurular aras\u0131nda kad\u0131n adaylara \u00f6ncelik tan\u0131nacak. Program kontenjan\u0131 15 ki\u015fi ile s\u0131n\u0131rl\u0131 tutulurken, kat\u0131l\u0131mc\u0131lar alan\u0131nda uzman \u00fc\u00e7 akademisyen taraf\u0131ndan teorik ve uygulamal\u0131 olarak e\u011fitilecek. Programa kabul edilen adaylara, talep etmeleri halinde KYK yurtlar\u0131nda konaklama imkan\u0131 sa\u011flanabilecek.<\/p>\n<p>Program kapsam\u0131nda; temel laboratuvar i\u015flemleri, ekstraksiyon teknikleri, ar\u0131 \u00fcr\u00fcnlerinin biyokimyasal \u00f6zellikleri, bal ve ar\u0131 \u00fcr\u00fcnleri mevzuat\u0131na uygun kalite analizleri, katma de\u011ferli \u00fcr\u00fcn geli\u015ftirme ve paketleme ile kalite kontrol s\u00fcre\u00e7leri gibi ba\u015fl\u0131klar ele al\u0131nacak. E\u011fitimi ba\u015far\u0131yla tamamlayan kat\u0131l\u0131mc\u0131lar, program sonunda d\u00fczenlenecek olan sertifika t\u00f6reninde sekt\u00f6rde faaliyet g\u00f6steren firmalarla birebir g\u00f6r\u00fc\u015fme f\u0131rsat\u0131 elde ederek istihdama do\u011frudan ad\u0131m atma \u015fans\u0131 yakalayacak.<\/p>\n<p>Son ba\u015fvuru tarihi 27 Temmuz 2025 Pazar olarak belirlenen e\u011fitim program\u0131, katma de\u011ferli \u00fcretim alan\u0131nda kariyer hedefleyen gen\u00e7lere \u00f6nemli bir f\u0131rsat sunuyor. Ayn\u0131 zamanda b\u00f6lgesel kalk\u0131nmaya katk\u0131 sa\u011flamay\u0131 ve \u00f6zellikle kad\u0131nlar\u0131n \u00fcretim s\u00fcre\u00e7lerine daha aktif kat\u0131l\u0131m\u0131n\u0131 te\u015fvik etmeyi ama\u00e7layan program, istihdama do\u011frudan katk\u0131 sa\u011flayacak nitelikte planland\u0131. Programa ili\u015fkin detayl\u0131 bilgi ve ba\u015fvuru formuna https:\/\/bit.ly\/muglaapiterapiegitim adresinden ula\u015f\u0131labiliyor.<br \/><\/p>\n","protected":false},"excerpt":{"rendered":"<p>G\u00fcney Ege Kalk\u0131nma Ajans\u0131 (GEKA) taraf\u0131ndan Mu\u011fla\u2019da ger\u00e7ekle\u015ftirilecek olan \u2019Apiterapi\u2019 e\u011fitimiyle, gen\u00e7ler ve kad\u0131nlar i\u00e7in yeni bir kariyer kap\u0131s\u0131 aralan\u0131yor. Ar\u0131c\u0131l\u0131k \u00fcr\u00fcnlerinin katma de\u011ferli \u00fcretimi ve analizi konusunda uzmanla\u015fmak isteyen gen\u00e7ler i\u00e7in b\u00fcy\u00fck bir f\u0131rsat kap\u0131da. Mu\u011fla S\u0131tk\u0131 Ko\u00e7man \u00dcniversitesi (MSK\u00dc), Mu\u011fla Ticaret ve Sanayi Odas\u0131 (MUTSO) ve Sanayi ve Teknoloji Bakanl\u0131\u011f\u0131 Kalk\u0131nma Ajanslar\u0131 Genel&#8230;<\/p>\n","protected":false},"author":1,"featured_media":42716,"comment_status":"open","ping_status":"open","sticky":false,"template":"","format":"standard","meta":{"_crdt_document":"","footnotes":""},"categories":[125],"tags":[],"class_list":["post-42715","post","type-post","status-publish","format-standard","has-post-thumbnail","hentry","category-ekonomi"],"_links":{"self":[{"href":"https:\/\/www.egemtv.com\/index.php?rest_route=\/wp\/v2\/posts\/42715","targetHints":{"allow":["GET"]}}],"collection":[{"href":"https:\/\/www.egemtv.com\/index.php?rest_route=\/wp\/v2\/posts"}],"about":[{"href":"https:\/\/www.egemtv.com\/index.php?rest_route=\/wp\/v2\/types\/post"}],"author":[{"embeddable":true,"href":"https:\/\/www.egemtv.com\/index.php?rest_route=\/wp\/v2\/users\/1"}],"replies":[{"embeddable":true,"href":"https:\/\/www.egemtv.com\/index.php?rest_route=%2Fwp%2Fv2%2Fcomments&post=42715"}],"version-history":[{"count":1,"href":"https:\/\/www.egemtv.com\/index.php?rest_route=\/wp\/v2\/posts\/42715\/revisions"}],"predecessor-version":[{"id":42717,"href":"https:\/\/www.egemtv.com\/index.php?rest_route=\/wp\/v2\/posts\/42715\/revisions\/42717"}],"wp:featuredmedia":[{"embeddable":true,"href":"https:\/\/www.egemtv.com\/index.php?rest_route=\/wp\/v2\/media\/42716"}],"wp:attachment":[{"href":"https:\/\/www.egemtv.com\/index.php?rest_route=%2Fwp%2Fv2%2Fmedia&parent=42715"}],"wp:term":[{"taxonomy":"category","embeddable":true,"href":"https:\/\/www.egemtv.com\/index.php?rest_route=%2Fwp%2Fv2%2Fcategories&post=42715"},{"taxonomy":"post_tag","embeddable":true,"href":"https:\/\/www.egemtv.com\/index.php?rest_route=%2Fwp%2Fv2%2Ftags&post=42715"}],"curies":[{"name":"wp","href":"https:\/\/api.w.org\/{rel}","templated":true}]}}