{"id":42712,"date":"2025-07-17T15:16:36","date_gmt":"2025-07-17T12:16:36","guid":{"rendered":"https:\/\/www.egemtv.com\/?p=42712"},"modified":"2025-07-17T15:16:39","modified_gmt":"2025-07-17T12:16:39","slug":"mugla-buyuksehirden-kadinlara-tirnak-bakim-kursu","status":"publish","type":"post","link":"https:\/\/www.egemtv.com\/?p=42712","title":{"rendered":"Mu\u011fla B\u00fcy\u00fck\u015fehir\u2019den kad\u0131nlara \u2018T\u0131rnak Bak\u0131m\u2019 kursu"},"content":{"rendered":"<p>Mu\u011fla B\u00fcy\u00fck\u015fehir Belediyesi b\u00fcnyesinde hizmet veren Kad\u0131n Ya\u015fam Merkezleri, kad\u0131nlar\u0131n ekonomik ve sosyal a\u00e7\u0131dan g\u00fc\u00e7lenmeleri i\u00e7in \u00f6nemli f\u0131rsatlar sunmaya devam ediyor. Bay\u0131r, Ye\u015filyurt ve Yata\u011fan\u2019da hizmet veren merkezlerde kad\u0131nlar\u0131n yo\u011fun ilgisiyle devam eden \u2018Mesle\u011fime \u0130lk Ad\u0131m\u2019 program\u0131 kapsam\u0131nda bu kez t\u0131rnak bak\u0131m at\u00f6lyesi \u00f6ne \u00e7\u0131k\u0131yor.<br \/>\n<br \/>Kad\u0131nlara yeni meslek alanlar\u0131 sunan at\u00f6lyede kat\u0131l\u0131mc\u0131lar temel el ve ayak bak\u0131m\u0131, t\u0131rnak s\u00fcsleme teknikleri ve hijyen kurallar\u0131 gibi konularda e\u011fitim al\u0131yor. Halk E\u011fitim Merkezi i\u015f birli\u011fiyle d\u00fczenlenen bu kurslar\u0131 ba\u015far\u0131yla tamamlayan kad\u0131nlar, sertifika alarak ya kendi i\u015flerini kurma yolunda ad\u0131m at\u0131yor ya da do\u011frudan istihdam imkan\u0131na kavu\u015fuyor.<br \/>\n<br \/>D\u0131\u015far\u0131da pahal\u0131, kad\u0131n ya\u015fam merkezlerinde \u00fccretsiz ve eri\u015filebilir<br \/>\n<br \/>At\u00f6lyeye kat\u0131lan kad\u0131nlar\u0131n ortak g\u00f6r\u00fc\u015f\u00fc, bu kurslar\u0131n \u00f6zel merkezlerde y\u00fcksek \u00fccretlerle sunuldu\u011fu ve maddi imk\u00e2ns\u0131zl\u0131klar nedeniyle eri\u015filemedi\u011fi y\u00f6n\u00fcnde. Kad\u0131n Ya\u015fam Merkezi ise t\u00fcm bu hizmetleri tamamen \u00fccretsiz sunuyor. E\u011fitimlerin yan\u0131 s\u0131ra, \u00e7ocuklar\u0131 olan kad\u0131nlar i\u00e7in de b\u00fcy\u00fck bir kolayl\u0131k sa\u011flan\u0131yor. Merkez b\u00fcnyesinde yer alan 3-6 ya\u015f \u00e7ocuklara \u00f6zel oyun alan\u0131 sayesinde, anneler e\u011fitimlerini al\u0131rken \u00e7ocuklar da e\u011fitmenler e\u015fli\u011finde keyifli vakit ge\u00e7iriyor.<br \/>\n<br \/>Kad\u0131n dayan\u0131\u015fmas\u0131, g\u00fc\u00e7lenmenin anahtar\u0131<br \/>\n<br \/>Kad\u0131n Ya\u015fam Merkezleri yaln\u0131zca meslek edindirme kurslar\u0131yla de\u011fil, ayn\u0131 zamanda kad\u0131nlar\u0131n sosyal hayata kat\u0131l\u0131m\u0131n\u0131 art\u0131ran etkinlikleriyle de dikkat \u00e7ekiyor. Bez bebek yap\u0131m\u0131, punch, etek dikimi gibi \u00fcretime dayal\u0131 at\u00f6lyelerin yan\u0131 s\u0131ra, merkezlerde diyetisyen bulu\u015fmalar\u0131, psikolojik ve hukuki destek hizmetleri de sunuluyor.<br \/>\n<br \/>Bug\u00fcne kadar toplam 97 kad\u0131n, \u2018Mesle\u011fime \u0130lk Ad\u0131m\u2019 program\u0131ndan yararlanarak kendi mesleki yolculuklar\u0131na ba\u015flad\u0131. T\u0131rnak bak\u0131m at\u00f6lyesi ise g\u00fczellik ve bak\u0131m alan\u0131nda kariyer hedefleyen kad\u0131nlar i\u00e7in b\u00fcy\u00fck bir f\u0131rsat olarak \u00f6ne \u00e7\u0131k\u0131yor.<br \/>\n<br \/>Y\u0131ld\u0131r\u0131m: &#8220;Kendi t\u0131rnak bak\u0131m at\u00f6lyemi a\u00e7mak istiyorum&#8221;<br \/>\n<br \/>\u00c7ocuklar\u0131 oldu\u011fu i\u00e7in hayallerini \u00f6teleyen kursiyer Sultan Y\u0131ld\u0131r\u0131m, &#8220;Ye\u015filyurt Kad\u0131n Ya\u015fam Merkezi\u2019ne t\u0131rnak bak\u0131m at\u00f6lyesi i\u00e7in geliyorum ve burada olmaktan \u00e7ok memnunum. Uzun zamand\u0131r bu e\u011fitimi almak istiyordum ancak \u00e7ocuklar\u0131m oldu\u011fu i\u00e7in hep erteliyordum. \u00c7ocuklar\u0131m i\u00e7in burada bir oyun alan\u0131 olmas\u0131 \u00e7ok iyi oldu. Kurs sonunda kendi t\u0131rnak at\u00f6lyemi a\u00e7mak istiyorum \u00e7\u00fcnk\u00fc \u00e7ok sevdi\u011fim bir i\u015f. Say\u0131n Ba\u015fkan\u0131m\u0131z Ahmet Aras\u2019a \u00e7ok te\u015fekk\u00fcr ediyorum bizlere b\u00f6yle imk\u00e2nlar sunduklar\u0131 i\u00e7in&#8221; dedi.<br \/>\n<br \/>T\u0131rnak bak\u0131m at\u00f6lyesinde e\u011fitmen Buse \u00c7ift\u00e7i, &#8220;Mesle\u011fime \u0130lk Ad\u0131m at\u00f6lyesinde kad\u0131nlarla manik\u00fcr, pedik\u00fcr, kal\u0131c\u0131 oje, protez t\u0131rnak ve nail art \u00e7al\u0131\u015fmalar\u0131n\u0131 y\u00fcr\u00fctmekteyiz. G\u00fcn\u00fcm\u00fczde \u00e7ok pop\u00fcler olan bu meslek dal\u0131 ile kad\u0131nlara istihdam sa\u011fl\u0131yor ve kurs sonunda sertifika verdi\u011fimiz kad\u0131nlara kendi i\u015flerini kurma imk\u00e2n\u0131 veriyoruz.  Bir kad\u0131n giri\u015fimci olarak proje i\u00e7erisinde yer almaktan ve kad\u0131nlar\u0131n g\u00fc\u00e7lenmesine katk\u0131da bulunmaktan mutluluk duyuyorum&#8221; ifadelerini kulland\u0131.<br \/>\n<br \/>Ba\u015fkan Aras, &#8220;Kad\u0131nlar hayat\u0131n her alan\u0131nda g\u00fc\u00e7l\u00fc olmal\u0131&#8221;<br \/>\n<br \/>K\u0131y\u0131 Ege Belediyeler Birli\u011fi ve Mu\u011fla B\u00fcy\u00fck\u015fehir Belediye Ba\u015fkan\u0131 Ahmet Aras, &#8220;Kad\u0131nlar\u0131n \u00fcretime kat\u0131lmas\u0131, kendi ayaklar\u0131 \u00fczerinde durmas\u0131 ve hayallerini ger\u00e7ekle\u015ftirmesi i\u00e7in Kad\u0131n Ya\u015fam Merkezlerimizi kurduk. Burada sadece bir meslek \u00f6\u011frenmiyorlar; ayn\u0131 zamanda kendilerine, birbirlerine ve gelece\u011fe olan g\u00fcvenlerini peki\u015ftiriyorlar. Her bir kad\u0131n\u0131n hayat\u0131na dokunmak bizim i\u00e7in \u00e7ok k\u0131ymetli. Bu merkezler kad\u0131n dayan\u0131\u015fmas\u0131n\u0131n ve e\u015fitlik m\u00fccadelesinin en somut \u00f6rne\u011fidir&#8221; dedi.<br \/><\/p>\n","protected":false},"excerpt":{"rendered":"<p>Mu\u011fla B\u00fcy\u00fck\u015fehir Belediyesi b\u00fcnyesinde hizmet veren Kad\u0131n Ya\u015fam Merkezleri, kad\u0131nlar\u0131n ekonomik ve sosyal a\u00e7\u0131dan g\u00fc\u00e7lenmeleri i\u00e7in \u00f6nemli f\u0131rsatlar sunmaya devam ediyor. Bay\u0131r, Ye\u015filyurt ve Yata\u011fan\u2019da hizmet veren merkezlerde kad\u0131nlar\u0131n yo\u011fun ilgisiyle devam eden \u2018Mesle\u011fime \u0130lk Ad\u0131m\u2019 program\u0131 kapsam\u0131nda bu kez t\u0131rnak bak\u0131m at\u00f6lyesi \u00f6ne \u00e7\u0131k\u0131yor. Kad\u0131nlara yeni meslek alanlar\u0131 sunan at\u00f6lyede kat\u0131l\u0131mc\u0131lar temel el ve&#8230;<\/p>\n","protected":false},"author":1,"featured_media":42713,"comment_status":"open","ping_status":"open","sticky":false,"template":"","format":"standard","meta":{"_crdt_document":"","footnotes":""},"categories":[1],"tags":[],"class_list":["post-42712","post","type-post","status-publish","format-standard","has-post-thumbnail","hentry","category-guncel"],"_links":{"self":[{"href":"https:\/\/www.egemtv.com\/index.php?rest_route=\/wp\/v2\/posts\/42712","targetHints":{"allow":["GET"]}}],"collection":[{"href":"https:\/\/www.egemtv.com\/index.php?rest_route=\/wp\/v2\/posts"}],"about":[{"href":"https:\/\/www.egemtv.com\/index.php?rest_route=\/wp\/v2\/types\/post"}],"author":[{"embeddable":true,"href":"https:\/\/www.egemtv.com\/index.php?rest_route=\/wp\/v2\/users\/1"}],"replies":[{"embeddable":true,"href":"https:\/\/www.egemtv.com\/index.php?rest_route=%2Fwp%2Fv2%2Fcomments&post=42712"}],"version-history":[{"count":1,"href":"https:\/\/www.egemtv.com\/index.php?rest_route=\/wp\/v2\/posts\/42712\/revisions"}],"predecessor-version":[{"id":42714,"href":"https:\/\/www.egemtv.com\/index.php?rest_route=\/wp\/v2\/posts\/42712\/revisions\/42714"}],"wp:featuredmedia":[{"embeddable":true,"href":"https:\/\/www.egemtv.com\/index.php?rest_route=\/wp\/v2\/media\/42713"}],"wp:attachment":[{"href":"https:\/\/www.egemtv.com\/index.php?rest_route=%2Fwp%2Fv2%2Fmedia&parent=42712"}],"wp:term":[{"taxonomy":"category","embeddable":true,"href":"https:\/\/www.egemtv.com\/index.php?rest_route=%2Fwp%2Fv2%2Fcategories&post=42712"},{"taxonomy":"post_tag","embeddable":true,"href":"https:\/\/www.egemtv.com\/index.php?rest_route=%2Fwp%2Fv2%2Ftags&post=42712"}],"curies":[{"name":"wp","href":"https:\/\/api.w.org\/{rel}","templated":true}]}}