{"id":42709,"date":"2025-07-17T15:16:31","date_gmt":"2025-07-17T12:16:31","guid":{"rendered":"https:\/\/www.egemtv.com\/?p=42709"},"modified":"2025-07-17T15:16:36","modified_gmt":"2025-07-17T12:16:36","slug":"feto-operasyonunda-bir-kisi-yakalandi","status":"publish","type":"post","link":"https:\/\/www.egemtv.com\/?p=42709","title":{"rendered":"FET\u00d6 operasyonunda bir ki\u015fi yakaland\u0131"},"content":{"rendered":"<p>Afyonkarahisar\u2019da polis taraf\u0131ndan Fetullah\u00e7\u0131 Ter\u00f6r \u00d6rg\u00fct\u00fcne y\u00f6nelik yap\u0131lan operasyonda 1 ki\u015fi g\u00f6zalt\u0131na al\u0131nd\u0131.<br \/>\n<br \/>Edinilen bilgilere g\u00f6re, \u0130l Emniyet M\u00fcd\u00fcrl\u00fc\u011f\u00fcne ba\u011fl\u0131 ekipler taraf\u0131ndan FET\u00d6 silahl\u0131 ter\u00f6r \u00f6rg\u00fct\u00fcne \u00fcye olma su\u00e7undan y\u00fcr\u00fct\u00fclen \u00e7al\u0131\u015fmalar \u00e7er\u00e7evesinde \u00f6rg\u00fct\u00fcn haberle\u015fme program\u0131 olan Bylock kullan\u0131c\u0131s\u0131 S.A., isimli \u015f\u00fcpheli \u015fah\u0131s yakalanarak g\u00f6zalt\u0131na al\u0131nd\u0131. \u015eahs\u0131n emniyetteki i\u015flemlerinin devam etti\u011fi bildirildi.<br \/><\/p>\n","protected":false},"excerpt":{"rendered":"<p>Afyonkarahisar\u2019da polis taraf\u0131ndan Fetullah\u00e7\u0131 Ter\u00f6r \u00d6rg\u00fct\u00fcne y\u00f6nelik yap\u0131lan operasyonda 1 ki\u015fi g\u00f6zalt\u0131na al\u0131nd\u0131. Edinilen bilgilere g\u00f6re, \u0130l Emniyet M\u00fcd\u00fcrl\u00fc\u011f\u00fcne ba\u011fl\u0131 ekipler taraf\u0131ndan FET\u00d6 silahl\u0131 ter\u00f6r \u00f6rg\u00fct\u00fcne \u00fcye olma su\u00e7undan y\u00fcr\u00fct\u00fclen \u00e7al\u0131\u015fmalar \u00e7er\u00e7evesinde \u00f6rg\u00fct\u00fcn haberle\u015fme program\u0131 olan Bylock kullan\u0131c\u0131s\u0131 S.A., isimli \u015f\u00fcpheli \u015fah\u0131s yakalanarak g\u00f6zalt\u0131na al\u0131nd\u0131. \u015eahs\u0131n emniyetteki i\u015flemlerinin devam etti\u011fi bildirildi.<\/p>\n","protected":false},"author":1,"featured_media":42710,"comment_status":"open","ping_status":"open","sticky":false,"template":"","format":"standard","meta":{"_crdt_document":"","footnotes":""},"categories":[5],"tags":[],"class_list":["post-42709","post","type-post","status-publish","format-standard","has-post-thumbnail","hentry","category-asayis"],"_links":{"self":[{"href":"https:\/\/www.egemtv.com\/index.php?rest_route=\/wp\/v2\/posts\/42709","targetHints":{"allow":["GET"]}}],"collection":[{"href":"https:\/\/www.egemtv.com\/index.php?rest_route=\/wp\/v2\/posts"}],"about":[{"href":"https:\/\/www.egemtv.com\/index.php?rest_route=\/wp\/v2\/types\/post"}],"author":[{"embeddable":true,"href":"https:\/\/www.egemtv.com\/index.php?rest_route=\/wp\/v2\/users\/1"}],"replies":[{"embeddable":true,"href":"https:\/\/www.egemtv.com\/index.php?rest_route=%2Fwp%2Fv2%2Fcomments&post=42709"}],"version-history":[{"count":1,"href":"https:\/\/www.egemtv.com\/index.php?rest_route=\/wp\/v2\/posts\/42709\/revisions"}],"predecessor-version":[{"id":42711,"href":"https:\/\/www.egemtv.com\/index.php?rest_route=\/wp\/v2\/posts\/42709\/revisions\/42711"}],"wp:featuredmedia":[{"embeddable":true,"href":"https:\/\/www.egemtv.com\/index.php?rest_route=\/wp\/v2\/media\/42710"}],"wp:attachment":[{"href":"https:\/\/www.egemtv.com\/index.php?rest_route=%2Fwp%2Fv2%2Fmedia&parent=42709"}],"wp:term":[{"taxonomy":"category","embeddable":true,"href":"https:\/\/www.egemtv.com\/index.php?rest_route=%2Fwp%2Fv2%2Fcategories&post=42709"},{"taxonomy":"post_tag","embeddable":true,"href":"https:\/\/www.egemtv.com\/index.php?rest_route=%2Fwp%2Fv2%2Ftags&post=42709"}],"curies":[{"name":"wp","href":"https:\/\/api.w.org\/{rel}","templated":true}]}}