{"id":42706,"date":"2025-07-17T15:16:28","date_gmt":"2025-07-17T12:16:28","guid":{"rendered":"https:\/\/www.egemtv.com\/?p=42706"},"modified":"2025-07-17T15:16:31","modified_gmt":"2025-07-17T12:16:31","slug":"aydin-heyeti-ulastirma-bakani-uraloglu-ile-gorustu","status":"publish","type":"post","link":"https:\/\/www.egemtv.com\/?p=42706","title":{"rendered":"Ayd\u0131n heyeti Ula\u015ft\u0131rma Bakan\u0131 Uralo\u011flu ile g\u00f6r\u00fc\u015ft\u00fc"},"content":{"rendered":"<p>Ayd\u0131n Valisi Yakup Canbolat, Ayd\u0131n milletvekilleri, ildeki oda ve borsa ba\u015fkanlar\u0131ndan olu\u015fan Ayd\u0131n heyeti, Ula\u015ft\u0131rma ve Altyap\u0131 Bakan\u0131 Abdulkadir Uralo\u011flu\u2019nu makam\u0131nda ziyaret ederek ilin \u00f6ncelikli ula\u015f\u0131m ve altyap\u0131 taleplerini iletti.<\/p>\n<p>Ula\u015ft\u0131rma ve Altyap\u0131 Bakanl\u0131\u011f\u0131\u2019nda ger\u00e7ekle\u015ftirilen \u00dc\u00e7\u00fcnc\u00fc \u2019Ayd\u0131n \u0130\u00e7in G\u00fc\u00e7birli\u011fi Toplant\u0131s\u0131\u2019 kapsam\u0131nda Ayd\u0131n heyeti \u00f6nemli temaslarda bulundu. Ziyarette, Ayd\u0131n Valisi Yakup Canbolat ba\u015fta olmak \u00fczere Ayd\u0131n milletvekilleri; Mustafa Sava\u015f, Seda Sar\u0131ba\u015f, \u00d6mer \u00d6zmen, B\u00fclent Tezcan, H\u00fcseyin Y\u0131ld\u0131z, S\u00fcleyman B\u00fclb\u00fcl, \u00d6mer Karaka\u015f, Ayd\u0131n Ticaret Odas\u0131 Ba\u015fkan\u0131 Hakan \u00dclken, Ayd\u0131n Ticaret Borsas\u0131 Ba\u015fkan\u0131 Fevzi \u00c7ondur, Ayd\u0131n Sanayi Odas\u0131 Ba\u015fkan\u0131 G\u00f6khan Mara\u015f haz\u0131r bulundu.<\/p>\n<p>G\u00f6r\u00fc\u015fmede Ayd\u0131n \u00c7\u0131ld\u0131r Havaliman\u0131\u2019n\u0131n yolcu ta\u015f\u0131mac\u0131l\u0131\u011f\u0131na a\u00e7\u0131lmas\u0131, S\u00f6ke Sazl\u0131 Mahallesi Yolu ile S\u00f6ke-Ku\u015fadas\u0131 Kav\u015fa\u011f\u0131\u2019nda trafik yo\u011funlu\u011funun azalt\u0131lmas\u0131, Ayd\u0131n-\u00c7ine-G\u00fcll\u00fck Demiryolu Projesi\u2019nin h\u0131zland\u0131r\u0131lmas\u0131, \u00c7aml\u0131k T\u00fcneli\u2019nin yap\u0131m ihalesi i\u00e7in s\u00fcrecin ba\u015flat\u0131lmas\u0131 ve il genelindeki ula\u015ft\u0131rma ile haberle\u015fme altyap\u0131s\u0131n\u0131n g\u00fc\u00e7lendirilmesi gibi talepler Bakan Uralo\u011flu\u2019na iletildi. Heyet \u00fcyeleri, Bakan Uralo\u011flu\u2019nun talepleri \u00e7\u00f6z\u00fcm odakl\u0131 yakla\u015ft\u0131\u011f\u0131n\u0131 ifade ederek, nazik ev sahipli\u011fi ve ilgilerinden dolay\u0131 te\u015fekk\u00fcr etti. Toplant\u0131n\u0131n Ayd\u0131n i\u00e7in hay\u0131rl\u0131 olmas\u0131 temennisinde bulunan heyet \u00fcyeleri, kentin ula\u015f\u0131m ve altyap\u0131 yat\u0131r\u0131mlar\u0131 konusunda birlik i\u00e7inde \u00e7al\u0131\u015fmaya devam edeceklerini kaydetti.<br \/><\/p>\n","protected":false},"excerpt":{"rendered":"<p>Ayd\u0131n Valisi Yakup Canbolat, Ayd\u0131n milletvekilleri, ildeki oda ve borsa ba\u015fkanlar\u0131ndan olu\u015fan Ayd\u0131n heyeti, Ula\u015ft\u0131rma ve Altyap\u0131 Bakan\u0131 Abdulkadir Uralo\u011flu\u2019nu makam\u0131nda ziyaret ederek ilin \u00f6ncelikli ula\u015f\u0131m ve altyap\u0131 taleplerini iletti. Ula\u015ft\u0131rma ve Altyap\u0131 Bakanl\u0131\u011f\u0131\u2019nda ger\u00e7ekle\u015ftirilen \u00dc\u00e7\u00fcnc\u00fc \u2019Ayd\u0131n \u0130\u00e7in G\u00fc\u00e7birli\u011fi Toplant\u0131s\u0131\u2019 kapsam\u0131nda Ayd\u0131n heyeti \u00f6nemli temaslarda bulundu. Ziyarette, Ayd\u0131n Valisi Yakup Canbolat ba\u015fta olmak \u00fczere Ayd\u0131n&#8230;<\/p>\n","protected":false},"author":1,"featured_media":42707,"comment_status":"open","ping_status":"open","sticky":false,"template":"","format":"standard","meta":{"_crdt_document":"","footnotes":""},"categories":[1],"tags":[],"class_list":["post-42706","post","type-post","status-publish","format-standard","has-post-thumbnail","hentry","category-guncel"],"_links":{"self":[{"href":"https:\/\/www.egemtv.com\/index.php?rest_route=\/wp\/v2\/posts\/42706","targetHints":{"allow":["GET"]}}],"collection":[{"href":"https:\/\/www.egemtv.com\/index.php?rest_route=\/wp\/v2\/posts"}],"about":[{"href":"https:\/\/www.egemtv.com\/index.php?rest_route=\/wp\/v2\/types\/post"}],"author":[{"embeddable":true,"href":"https:\/\/www.egemtv.com\/index.php?rest_route=\/wp\/v2\/users\/1"}],"replies":[{"embeddable":true,"href":"https:\/\/www.egemtv.com\/index.php?rest_route=%2Fwp%2Fv2%2Fcomments&post=42706"}],"version-history":[{"count":1,"href":"https:\/\/www.egemtv.com\/index.php?rest_route=\/wp\/v2\/posts\/42706\/revisions"}],"predecessor-version":[{"id":42708,"href":"https:\/\/www.egemtv.com\/index.php?rest_route=\/wp\/v2\/posts\/42706\/revisions\/42708"}],"wp:featuredmedia":[{"embeddable":true,"href":"https:\/\/www.egemtv.com\/index.php?rest_route=\/wp\/v2\/media\/42707"}],"wp:attachment":[{"href":"https:\/\/www.egemtv.com\/index.php?rest_route=%2Fwp%2Fv2%2Fmedia&parent=42706"}],"wp:term":[{"taxonomy":"category","embeddable":true,"href":"https:\/\/www.egemtv.com\/index.php?rest_route=%2Fwp%2Fv2%2Fcategories&post=42706"},{"taxonomy":"post_tag","embeddable":true,"href":"https:\/\/www.egemtv.com\/index.php?rest_route=%2Fwp%2Fv2%2Ftags&post=42706"}],"curies":[{"name":"wp","href":"https:\/\/api.w.org\/{rel}","templated":true}]}}