{"id":42703,"date":"2025-07-17T15:16:26","date_gmt":"2025-07-17T12:16:26","guid":{"rendered":"https:\/\/www.egemtv.com\/?p=42703"},"modified":"2025-07-17T15:16:28","modified_gmt":"2025-07-17T12:16:28","slug":"pau-rektoru-prof-dr-gungor-genclerle-bulustu","status":"publish","type":"post","link":"https:\/\/www.egemtv.com\/?p=42703","title":{"rendered":"PA\u00dc Rekt\u00f6r\u00fc Prof. Dr. G\u00fcng\u00f6r gen\u00e7lerle bulu\u015ftu"},"content":{"rendered":"<p>Denizli\u2019de d\u00fczenlenen \u2019Gen\u00e7lik Sohbetleri\u2019nin bu haftaki konu\u011fu olan Pamukkale \u00dcniversitesi (PA\u00dc) Rekt\u00f6r\u00fc Prof. Dr. Mahmud G\u00fcng\u00f6r, gen\u00e7lere deneyimlerini payla\u015farak, \u00f6\u011f\u00fctlerde bulundu.<\/p>\n<p>Denizli Merkezefendi M\u00fcft\u00fcl\u00fc\u011f\u00fc\u2019ne ba\u011fl\u0131 Durmu\u015f Fatma \u00c7oban Diyanet Gen\u00e7lik Merkezi\u2019nde d\u00fczenlenen gen\u00e7lik sohbetlerinin bu haftaki konu\u011fu Pamukkale \u00dcniversitesi Rekt\u00f6r\u00fc Prof. Dr. Mahmud G\u00fcng\u00f6r oldu. Geni\u015f katl\u0131mla ger\u00e7ekle\u015fen programda gen\u00e7lerle bir araya gelen Rekt\u00f6r G\u00fcng\u00f6r, \u00f6nemli tavsiyelerde bulunarak tecr\u00fcbelerini payla\u015ft\u0131.<\/p>\n<p>Diyanet Gen\u00e7lik Merkezinin d\u00fczenli olarak ger\u00e7ekle\u015ftirdi\u011fi bu etkinliklerin gen\u00e7lerin manevi ve sosyal geli\u015fimine katk\u0131 sa\u011flamaya devam etti\u011fini belirten Merkezefendi \u0130l\u00e7e M\u00fcft\u00fcl\u00fc\u011f\u00fc  yetkilileri, \u00f6n\u00fcm\u00fczdeki haftalarda da farkl\u0131 konuklarla, benzer programlar\u0131n yap\u0131laca\u011f\u0131n\u0131 belirterek t\u00fcm gen\u00e7leri etkinliklere davet etti.<br \/><\/p>\n","protected":false},"excerpt":{"rendered":"<p>Denizli\u2019de d\u00fczenlenen \u2019Gen\u00e7lik Sohbetleri\u2019nin bu haftaki konu\u011fu olan Pamukkale \u00dcniversitesi (PA\u00dc) Rekt\u00f6r\u00fc Prof. Dr. Mahmud G\u00fcng\u00f6r, gen\u00e7lere deneyimlerini payla\u015farak, \u00f6\u011f\u00fctlerde bulundu. Denizli Merkezefendi M\u00fcft\u00fcl\u00fc\u011f\u00fc\u2019ne ba\u011fl\u0131 Durmu\u015f Fatma \u00c7oban Diyanet Gen\u00e7lik Merkezi\u2019nde d\u00fczenlenen gen\u00e7lik sohbetlerinin bu haftaki konu\u011fu Pamukkale \u00dcniversitesi Rekt\u00f6r\u00fc Prof. Dr. Mahmud G\u00fcng\u00f6r oldu. Geni\u015f katl\u0131mla ger\u00e7ekle\u015fen programda gen\u00e7lerle bir araya gelen Rekt\u00f6r G\u00fcng\u00f6r,&#8230;<\/p>\n","protected":false},"author":1,"featured_media":42704,"comment_status":"open","ping_status":"open","sticky":false,"template":"","format":"standard","meta":{"_crdt_document":"","footnotes":""},"categories":[1],"tags":[],"class_list":["post-42703","post","type-post","status-publish","format-standard","has-post-thumbnail","hentry","category-guncel"],"_links":{"self":[{"href":"https:\/\/www.egemtv.com\/index.php?rest_route=\/wp\/v2\/posts\/42703","targetHints":{"allow":["GET"]}}],"collection":[{"href":"https:\/\/www.egemtv.com\/index.php?rest_route=\/wp\/v2\/posts"}],"about":[{"href":"https:\/\/www.egemtv.com\/index.php?rest_route=\/wp\/v2\/types\/post"}],"author":[{"embeddable":true,"href":"https:\/\/www.egemtv.com\/index.php?rest_route=\/wp\/v2\/users\/1"}],"replies":[{"embeddable":true,"href":"https:\/\/www.egemtv.com\/index.php?rest_route=%2Fwp%2Fv2%2Fcomments&post=42703"}],"version-history":[{"count":1,"href":"https:\/\/www.egemtv.com\/index.php?rest_route=\/wp\/v2\/posts\/42703\/revisions"}],"predecessor-version":[{"id":42705,"href":"https:\/\/www.egemtv.com\/index.php?rest_route=\/wp\/v2\/posts\/42703\/revisions\/42705"}],"wp:featuredmedia":[{"embeddable":true,"href":"https:\/\/www.egemtv.com\/index.php?rest_route=\/wp\/v2\/media\/42704"}],"wp:attachment":[{"href":"https:\/\/www.egemtv.com\/index.php?rest_route=%2Fwp%2Fv2%2Fmedia&parent=42703"}],"wp:term":[{"taxonomy":"category","embeddable":true,"href":"https:\/\/www.egemtv.com\/index.php?rest_route=%2Fwp%2Fv2%2Fcategories&post=42703"},{"taxonomy":"post_tag","embeddable":true,"href":"https:\/\/www.egemtv.com\/index.php?rest_route=%2Fwp%2Fv2%2Ftags&post=42703"}],"curies":[{"name":"wp","href":"https:\/\/api.w.org\/{rel}","templated":true}]}}