{"id":42697,"date":"2025-07-17T15:16:20","date_gmt":"2025-07-17T12:16:20","guid":{"rendered":"https:\/\/www.egemtv.com\/?p=42697"},"modified":"2025-07-17T15:16:22","modified_gmt":"2025-07-17T12:16:22","slug":"muglada-mayis-2025de-bin-796-konut-satisi-yapildi","status":"publish","type":"post","link":"https:\/\/www.egemtv.com\/?p=42697","title":{"rendered":"Mu\u011fla\u2019da May\u0131s 2025\u2019de Bin 796 konut sat\u0131\u015f\u0131 yap\u0131ld\u0131"},"content":{"rendered":"<p>T\u00fcrkiye \u0130statistik Kurumu, 2025 y\u0131l\u0131 May\u0131s ay\u0131 konut sat\u0131\u015f rakamlar\u0131n\u0131 a\u00e7\u0131klad\u0131. Mu\u011fla\u2019da 2025 y\u0131l\u0131 May\u0131s ay\u0131nda toplam konut sat\u0131\u015f say\u0131s\u0131 Bin 796 olarak ger\u00e7ekle\u015firken, yabanc\u0131lara yap\u0131lan konut sat\u0131\u015f say\u0131s\u0131 31 olarak ger\u00e7ekle\u015fti.<br \/>\n<br \/>May\u0131s 2025 ay\u0131nda toplam konut sat\u0131\u015f say\u0131s\u0131 Bin 796. Bu sat\u0131\u015flardan ipotekli sat\u0131\u015f 187, di\u011fer sat\u0131\u015flar, Bin 609 olarak ger\u00e7ekle\u015firken, bu sat\u0131\u015flardan ilk el sat\u0131\u015f 528, ikinci el sat\u0131\u015f ise Bin 268 olarak ger\u00e7ekle\u015fti.<br \/>\n<br \/>May\u0131s 2024 y\u0131l\u0131 May\u0131s ay\u0131nda Bin 543 konut sat\u0131\u015f\u0131 yap\u0131ld\u0131. Bu sat\u0131\u015flardan 90\u2019\u0131 ipotekli sat\u0131\u015f, Bin 453\u2019\u00fc di\u011fer sat\u0131\u015f olarak kay\u0131tlara yans\u0131d\u0131. Bu sat\u0131\u015flardan da 560\u2019\u0131 ilk el, 983\u2019\u00fc de ikinci el sat\u0131\u015f olarak ger\u00e7ekle\u015fti.<br \/>\n<br \/>Yabanc\u0131lara sat\u0131\u015f<br \/>\n<br \/>Mu\u011fla\u2019da May\u0131s 2025\u2019de yabanc\u0131 uyruklu vatanda\u015flara sat\u0131\u015f\u0131 yap\u0131lan konut say\u0131s\u0131 31 iken, ge\u00e7en y\u0131l ayn\u0131 d\u00f6nemde bu rakam 23 olarak ger\u00e7ekle\u015fti.  Mu\u011fla\u2019da Ocak-May\u0131s aras\u0131nda 5 ayl\u0131k d\u00f6nemde yabanc\u0131lara yap\u0131lan konut sat\u0131\u015f say\u0131s\u0131 ise 139 olarak ger\u00e7ekle\u015fti. T\u00fcrkiye\u2019de en fazla konut sat\u0131n alan \u00fclkeler i\u00e7inde ilk s\u0131ray\u0131 Rusya Federasyonu yer al\u0131rken, ikinci s\u0131rada \u0130ran, \u00fc\u00e7\u00fcnc\u00fc s\u0131rada Almanya ve d\u00f6rd\u00fcnc\u00fc s\u0131rada Ukrayna yer al\u0131yor.<br \/>\n<br \/>T\u00fcrkiye \u0130statistik Kurumu (T\u00dc\u0130K) verilerine g\u00f6re Mu\u011fla\u2019da ge\u00e7en y\u0131l May\u0131s ay\u0131nda \u0130potekli konut sat\u0131\u015f\u0131 90 adet iken bu y\u0131l\u0131n ayn\u0131 d\u00f6nemi May\u0131s ay\u0131nda bu rakam 187\u2019ye ula\u015ft\u0131. Mu\u011fla\u2019da bir y\u0131lda ipotekli konut say\u0131s\u0131 y\u00fczde 100\u2019\u00fcn \u00fczerine \u00e7\u0131kt\u0131.<br \/><\/p>\n","protected":false},"excerpt":{"rendered":"<p>T\u00fcrkiye \u0130statistik Kurumu, 2025 y\u0131l\u0131 May\u0131s ay\u0131 konut sat\u0131\u015f rakamlar\u0131n\u0131 a\u00e7\u0131klad\u0131. Mu\u011fla\u2019da 2025 y\u0131l\u0131 May\u0131s ay\u0131nda toplam konut sat\u0131\u015f say\u0131s\u0131 Bin 796 olarak ger\u00e7ekle\u015firken, yabanc\u0131lara yap\u0131lan konut sat\u0131\u015f say\u0131s\u0131 31 olarak ger\u00e7ekle\u015fti. May\u0131s 2025 ay\u0131nda toplam konut sat\u0131\u015f say\u0131s\u0131 Bin 796. Bu sat\u0131\u015flardan ipotekli sat\u0131\u015f 187, di\u011fer sat\u0131\u015flar, Bin 609 olarak ger\u00e7ekle\u015firken, bu sat\u0131\u015flardan ilk&#8230;<\/p>\n","protected":false},"author":1,"featured_media":42698,"comment_status":"open","ping_status":"open","sticky":false,"template":"","format":"standard","meta":{"_crdt_document":"","footnotes":""},"categories":[125],"tags":[],"class_list":["post-42697","post","type-post","status-publish","format-standard","has-post-thumbnail","hentry","category-ekonomi"],"_links":{"self":[{"href":"https:\/\/www.egemtv.com\/index.php?rest_route=\/wp\/v2\/posts\/42697","targetHints":{"allow":["GET"]}}],"collection":[{"href":"https:\/\/www.egemtv.com\/index.php?rest_route=\/wp\/v2\/posts"}],"about":[{"href":"https:\/\/www.egemtv.com\/index.php?rest_route=\/wp\/v2\/types\/post"}],"author":[{"embeddable":true,"href":"https:\/\/www.egemtv.com\/index.php?rest_route=\/wp\/v2\/users\/1"}],"replies":[{"embeddable":true,"href":"https:\/\/www.egemtv.com\/index.php?rest_route=%2Fwp%2Fv2%2Fcomments&post=42697"}],"version-history":[{"count":1,"href":"https:\/\/www.egemtv.com\/index.php?rest_route=\/wp\/v2\/posts\/42697\/revisions"}],"predecessor-version":[{"id":42699,"href":"https:\/\/www.egemtv.com\/index.php?rest_route=\/wp\/v2\/posts\/42697\/revisions\/42699"}],"wp:featuredmedia":[{"embeddable":true,"href":"https:\/\/www.egemtv.com\/index.php?rest_route=\/wp\/v2\/media\/42698"}],"wp:attachment":[{"href":"https:\/\/www.egemtv.com\/index.php?rest_route=%2Fwp%2Fv2%2Fmedia&parent=42697"}],"wp:term":[{"taxonomy":"category","embeddable":true,"href":"https:\/\/www.egemtv.com\/index.php?rest_route=%2Fwp%2Fv2%2Fcategories&post=42697"},{"taxonomy":"post_tag","embeddable":true,"href":"https:\/\/www.egemtv.com\/index.php?rest_route=%2Fwp%2Fv2%2Ftags&post=42697"}],"curies":[{"name":"wp","href":"https:\/\/api.w.org\/{rel}","templated":true}]}}