{"id":42694,"date":"2025-07-17T15:16:17","date_gmt":"2025-07-17T12:16:17","guid":{"rendered":"https:\/\/www.egemtv.com\/?p=42694"},"modified":"2025-07-17T15:16:20","modified_gmt":"2025-07-17T12:16:20","slug":"muglada-yaz-spor-okullari-ilgi-goruyor","status":"publish","type":"post","link":"https:\/\/www.egemtv.com\/?p=42694","title":{"rendered":"Mu\u011fla\u2019da yaz spor okullar\u0131 ilgi g\u00f6r\u00fcyor"},"content":{"rendered":"<p>Gen\u00e7lik ve Spor Bakanl\u0131\u011f\u0131 taraf\u0131ndan her yaz d\u00fczenlenen GSB Spor Okullar\u0131, bu y\u0131l da \u00e7ocuklar ve gen\u00e7ler i\u00e7in hem e\u011flenceli hem de geli\u015fim odakl\u0131 bir yaz program\u0131 sunuyor.<\/p>\n<p>&#8220;Bu Yaz Sporla B\u00fcy\u00fcme Zaman\u0131!&#8221; slogan\u0131yla yola \u00e7\u0131kan okullarda, kat\u0131l\u0131mc\u0131lar istedikleri bran\u015f\u0131 se\u00e7erek fiziksel geli\u015fimlerini desteklerken keyifli vakit ge\u00e7irme imk\u00e2n\u0131 buluyor. Mu\u011fla genelinde bir\u00e7ok farkl\u0131 bran\u015fta a\u00e7\u0131lan yaz spor okullar\u0131yla \u00f6\u011frenciler hem sa\u011fl\u0131kl\u0131 bir ya\u015fam al\u0131\u015fkanl\u0131\u011f\u0131 kazan\u0131yor hem de sporun birle\u015ftirici g\u00fcc\u00fcn\u00fc deneyimliyor. Bu kapsamda: Dalaman\u2019da Judo, Mente\u015fe\u2019de Futbol, Ula\u2019da Bocce ve \u00e7e\u015fitli il\u00e7elerde voleybol bran\u015flar\u0131nda e\u011fitimler devam ediyor.<br \/>\n<br \/>GSB Spor Okullar\u0131, uzman antren\u00f6rler e\u015fli\u011finde tamamen \u00fccretsiz olarak y\u00fcr\u00fct\u00fcl\u00fcyor. Yaz tatilini verimli ge\u00e7irmek isteyen \u00e7ocuklar ve gen\u00e7ler i\u00e7in b\u00fcy\u00fck bir f\u0131rsat sunan bu program, spor arac\u0131l\u0131\u011f\u0131yla disiplin, \u00f6zg\u00fcven ve tak\u0131m ruhu kazand\u0131rmay\u0131 ama\u00e7l\u0131yor.<br \/><\/p>\n","protected":false},"excerpt":{"rendered":"<p>Gen\u00e7lik ve Spor Bakanl\u0131\u011f\u0131 taraf\u0131ndan her yaz d\u00fczenlenen GSB Spor Okullar\u0131, bu y\u0131l da \u00e7ocuklar ve gen\u00e7ler i\u00e7in hem e\u011flenceli hem de geli\u015fim odakl\u0131 bir yaz program\u0131 sunuyor. &#8220;Bu Yaz Sporla B\u00fcy\u00fcme Zaman\u0131!&#8221; slogan\u0131yla yola \u00e7\u0131kan okullarda, kat\u0131l\u0131mc\u0131lar istedikleri bran\u015f\u0131 se\u00e7erek fiziksel geli\u015fimlerini desteklerken keyifli vakit ge\u00e7irme imk\u00e2n\u0131 buluyor. Mu\u011fla genelinde bir\u00e7ok farkl\u0131 bran\u015fta a\u00e7\u0131lan&#8230;<\/p>\n","protected":false},"author":1,"featured_media":42695,"comment_status":"open","ping_status":"open","sticky":false,"template":"","format":"standard","meta":{"_crdt_document":"","footnotes":""},"categories":[4],"tags":[],"class_list":["post-42694","post","type-post","status-publish","format-standard","has-post-thumbnail","hentry","category-spor"],"_links":{"self":[{"href":"https:\/\/www.egemtv.com\/index.php?rest_route=\/wp\/v2\/posts\/42694","targetHints":{"allow":["GET"]}}],"collection":[{"href":"https:\/\/www.egemtv.com\/index.php?rest_route=\/wp\/v2\/posts"}],"about":[{"href":"https:\/\/www.egemtv.com\/index.php?rest_route=\/wp\/v2\/types\/post"}],"author":[{"embeddable":true,"href":"https:\/\/www.egemtv.com\/index.php?rest_route=\/wp\/v2\/users\/1"}],"replies":[{"embeddable":true,"href":"https:\/\/www.egemtv.com\/index.php?rest_route=%2Fwp%2Fv2%2Fcomments&post=42694"}],"version-history":[{"count":1,"href":"https:\/\/www.egemtv.com\/index.php?rest_route=\/wp\/v2\/posts\/42694\/revisions"}],"predecessor-version":[{"id":42696,"href":"https:\/\/www.egemtv.com\/index.php?rest_route=\/wp\/v2\/posts\/42694\/revisions\/42696"}],"wp:featuredmedia":[{"embeddable":true,"href":"https:\/\/www.egemtv.com\/index.php?rest_route=\/wp\/v2\/media\/42695"}],"wp:attachment":[{"href":"https:\/\/www.egemtv.com\/index.php?rest_route=%2Fwp%2Fv2%2Fmedia&parent=42694"}],"wp:term":[{"taxonomy":"category","embeddable":true,"href":"https:\/\/www.egemtv.com\/index.php?rest_route=%2Fwp%2Fv2%2Fcategories&post=42694"},{"taxonomy":"post_tag","embeddable":true,"href":"https:\/\/www.egemtv.com\/index.php?rest_route=%2Fwp%2Fv2%2Ftags&post=42694"}],"curies":[{"name":"wp","href":"https:\/\/api.w.org\/{rel}","templated":true}]}}