{"id":42691,"date":"2025-07-17T14:56:27","date_gmt":"2025-07-17T11:56:27","guid":{"rendered":"https:\/\/www.egemtv.com\/?p=42691"},"modified":"2025-07-17T14:56:30","modified_gmt":"2025-07-17T11:56:30","slug":"mimar-sinan-parkina-vatandaslardan-yogun-ilgi","status":"publish","type":"post","link":"https:\/\/www.egemtv.com\/?p=42691","title":{"rendered":"Mimar Sinan Park\u0131\u2019na vatanda\u015flardan yo\u011fun ilgi"},"content":{"rendered":"<p>Ayd\u0131n B\u00fcy\u00fck\u015fehir Belediyesi\u2019nin kente kazand\u0131rd\u0131\u011f\u0131, 31 bin metrekarelik alan \u00fczerinde y\u00fckselen Mimar Sinan Park\u0131, k\u0131sa s\u00fcrede Ayd\u0131nl\u0131lar\u0131n en sevdi\u011fi bulu\u015fma noktalar\u0131ndan biri haline geldi. Yaz ak\u015famlar\u0131n\u0131n vazge\u00e7ilmezi olan park, her g\u00fcn 5 binden fazla Ayd\u0131nl\u0131 taraf\u0131ndan ziyaret ediliyor.<br \/>\n<br \/>Geni\u015f y\u00fcr\u00fcy\u00fc\u015f yollar\u0131, ye\u015fil alanlar\u0131, \u00e7ocuk oyun gruplar\u0131 ve oturma alanlar\u0131yla her ya\u015ftan vatanda\u015fa hitap eden Mimar Sinan Park\u0131, Ayd\u0131nl\u0131lar\u0131n birlikte vakit ge\u00e7irdi\u011fi, sohbet etti\u011fi ve serin yaz ak\u015famlar\u0131nda nefes ald\u0131\u011f\u0131 bir ya\u015fam alan\u0131 oldu.<br \/>\n<br \/>Ayd\u0131n B\u00fcy\u00fck\u015fehir Belediye Ba\u015fkan\u0131 \u00d6zlem \u00c7er\u00e7io\u011flu, parkla ilgili yapt\u0131\u011f\u0131 a\u00e7\u0131klamada \u015fu ifadeleri kulland\u0131:<br \/>\n<br \/>&#8220;Bu g\u00fczel park\u0131, Ayd\u0131nl\u0131lar\u0131n nefes alabilece\u011fi, kom\u015fular\u0131yla bir araya gelip keyifli vakit ge\u00e7irebilece\u011fi bir alan olarak tasarlad\u0131k. G\u00f6rd\u00fc\u011f\u00fcm\u00fcz ilgi ve memnuniyet bizi \u00e7ok mutlu ediyor. Halk\u0131m\u0131z\u0131n mutlulu\u011fu, bizim en b\u00fcy\u00fck motivasyonumuzdur&#8221;<br \/>\n<br \/>Park, \u00f6zellikle yaz aylar\u0131nda serinli\u011fi ve ferahl\u0131\u011f\u0131yla \u00f6ne \u00e7\u0131karken, \u00e7ocuklar\u0131n c\u0131v\u0131lt\u0131lar\u0131 ve vatanda\u015flar\u0131n ne\u015feli sohbetleriyle Ayd\u0131n\u2019\u0131n sosyal hayat\u0131na renk kat\u0131yor.<br \/><\/p>\n","protected":false},"excerpt":{"rendered":"<p>Ayd\u0131n B\u00fcy\u00fck\u015fehir Belediyesi\u2019nin kente kazand\u0131rd\u0131\u011f\u0131, 31 bin metrekarelik alan \u00fczerinde y\u00fckselen Mimar Sinan Park\u0131, k\u0131sa s\u00fcrede Ayd\u0131nl\u0131lar\u0131n en sevdi\u011fi bulu\u015fma noktalar\u0131ndan biri haline geldi. Yaz ak\u015famlar\u0131n\u0131n vazge\u00e7ilmezi olan park, her g\u00fcn 5 binden fazla Ayd\u0131nl\u0131 taraf\u0131ndan ziyaret ediliyor. Geni\u015f y\u00fcr\u00fcy\u00fc\u015f yollar\u0131, ye\u015fil alanlar\u0131, \u00e7ocuk oyun gruplar\u0131 ve oturma alanlar\u0131yla her ya\u015ftan vatanda\u015fa hitap eden Mimar&#8230;<\/p>\n","protected":false},"author":1,"featured_media":42692,"comment_status":"open","ping_status":"open","sticky":false,"template":"","format":"standard","meta":{"_crdt_document":"","footnotes":""},"categories":[1],"tags":[],"class_list":["post-42691","post","type-post","status-publish","format-standard","has-post-thumbnail","hentry","category-guncel"],"_links":{"self":[{"href":"https:\/\/www.egemtv.com\/index.php?rest_route=\/wp\/v2\/posts\/42691","targetHints":{"allow":["GET"]}}],"collection":[{"href":"https:\/\/www.egemtv.com\/index.php?rest_route=\/wp\/v2\/posts"}],"about":[{"href":"https:\/\/www.egemtv.com\/index.php?rest_route=\/wp\/v2\/types\/post"}],"author":[{"embeddable":true,"href":"https:\/\/www.egemtv.com\/index.php?rest_route=\/wp\/v2\/users\/1"}],"replies":[{"embeddable":true,"href":"https:\/\/www.egemtv.com\/index.php?rest_route=%2Fwp%2Fv2%2Fcomments&post=42691"}],"version-history":[{"count":1,"href":"https:\/\/www.egemtv.com\/index.php?rest_route=\/wp\/v2\/posts\/42691\/revisions"}],"predecessor-version":[{"id":42693,"href":"https:\/\/www.egemtv.com\/index.php?rest_route=\/wp\/v2\/posts\/42691\/revisions\/42693"}],"wp:featuredmedia":[{"embeddable":true,"href":"https:\/\/www.egemtv.com\/index.php?rest_route=\/wp\/v2\/media\/42692"}],"wp:attachment":[{"href":"https:\/\/www.egemtv.com\/index.php?rest_route=%2Fwp%2Fv2%2Fmedia&parent=42691"}],"wp:term":[{"taxonomy":"category","embeddable":true,"href":"https:\/\/www.egemtv.com\/index.php?rest_route=%2Fwp%2Fv2%2Fcategories&post=42691"},{"taxonomy":"post_tag","embeddable":true,"href":"https:\/\/www.egemtv.com\/index.php?rest_route=%2Fwp%2Fv2%2Ftags&post=42691"}],"curies":[{"name":"wp","href":"https:\/\/api.w.org\/{rel}","templated":true}]}}