{"id":42685,"date":"2025-07-17T14:56:23","date_gmt":"2025-07-17T11:56:23","guid":{"rendered":"https:\/\/www.egemtv.com\/?p=42685"},"modified":"2025-07-17T14:56:24","modified_gmt":"2025-07-17T11:56:24","slug":"5-gun-once-evlenen-teknik-direktorden-haber-alinamiyor","status":"publish","type":"post","link":"https:\/\/www.egemtv.com\/?p=42685","title":{"rendered":"5 g\u00fcn \u00f6nce evlenen teknik direkt\u00f6rden haber al\u0131nam\u0131yor"},"content":{"rendered":"<p>Denizli\u2019de 5 g\u00fcn \u00f6nce evlenen Teknik Direkt\u00f6r H\u00fcseyin Cumhur Acar\u2019dan 2 g\u00fcnd\u00fcr haber alamayan ailesi kay\u0131p ba\u015fvurusunda bulundu.<\/p>\n<p>Denizli\u2019nin amat\u00f6r lig temsilcilerinden Akkonakspor\u2019un teknik direkt\u00f6rl\u00fc\u011f\u00fcn\u00fc yapan 34 ya\u015f\u0131ndaki H\u00fcseyin Cumhur Acar, 12 Temmuz Cumartesi g\u00fcn\u00fc d\u00fc\u011f\u00fcn yaparak d\u00fcnya evine girdi. Yeni evlenen teknik direkt\u00f6r, Sal\u0131 g\u00fcn\u00fc aniden kay\u0131plara kar\u0131\u015ft\u0131. Teknik direkt\u00f6r\u00fcn, e\u015finin \u00e7al\u0131\u015ft\u0131\u011f\u0131 i\u015f yerinden &#8220;Hemen gelece\u011fim&#8221; diyerek ayr\u0131ld\u0131\u011f\u0131, ancak bir daha geri d\u00f6nmedi\u011fi belirtildi.<br \/>\n<br \/>Durumdan \u015f\u00fcphelenen e\u015fi, polis ekiplerine kay\u0131p ihbar\u0131nda bulundu.<\/p>\n<p>Acar\u2019dan 2 g\u00fcnd\u00fcr haber al\u0131namamas\u0131 \u00fczerine ailesi ve yak\u0131n \u00e7evresi b\u00fcy\u00fck endi\u015fe ya\u015famaya ba\u015flad\u0131. Acar\u2019\u0131n bulunmas\u0131 i\u00e7in kolluk kuvvetlerince geni\u015f \u00e7apl\u0131 ara\u015ft\u0131rma ba\u015flat\u0131ld\u0131\u011f\u0131 ancak \u015fuana kadar teknik direkt\u00f6rle ilgili bir ize ula\u015f\u0131lamad\u0131\u011f\u0131 bildirildi.<br \/><\/p>\n","protected":false},"excerpt":{"rendered":"<p>Denizli\u2019de 5 g\u00fcn \u00f6nce evlenen Teknik Direkt\u00f6r H\u00fcseyin Cumhur Acar\u2019dan 2 g\u00fcnd\u00fcr haber alamayan ailesi kay\u0131p ba\u015fvurusunda bulundu. Denizli\u2019nin amat\u00f6r lig temsilcilerinden Akkonakspor\u2019un teknik direkt\u00f6rl\u00fc\u011f\u00fcn\u00fc yapan 34 ya\u015f\u0131ndaki H\u00fcseyin Cumhur Acar, 12 Temmuz Cumartesi g\u00fcn\u00fc d\u00fc\u011f\u00fcn yaparak d\u00fcnya evine girdi. Yeni evlenen teknik direkt\u00f6r, Sal\u0131 g\u00fcn\u00fc aniden kay\u0131plara kar\u0131\u015ft\u0131. Teknik direkt\u00f6r\u00fcn, e\u015finin \u00e7al\u0131\u015ft\u0131\u011f\u0131 i\u015f yerinden&#8230;<\/p>\n","protected":false},"author":1,"featured_media":42686,"comment_status":"open","ping_status":"open","sticky":false,"template":"","format":"standard","meta":{"_crdt_document":"","footnotes":""},"categories":[5],"tags":[],"class_list":["post-42685","post","type-post","status-publish","format-standard","has-post-thumbnail","hentry","category-asayis"],"_links":{"self":[{"href":"https:\/\/www.egemtv.com\/index.php?rest_route=\/wp\/v2\/posts\/42685","targetHints":{"allow":["GET"]}}],"collection":[{"href":"https:\/\/www.egemtv.com\/index.php?rest_route=\/wp\/v2\/posts"}],"about":[{"href":"https:\/\/www.egemtv.com\/index.php?rest_route=\/wp\/v2\/types\/post"}],"author":[{"embeddable":true,"href":"https:\/\/www.egemtv.com\/index.php?rest_route=\/wp\/v2\/users\/1"}],"replies":[{"embeddable":true,"href":"https:\/\/www.egemtv.com\/index.php?rest_route=%2Fwp%2Fv2%2Fcomments&post=42685"}],"version-history":[{"count":1,"href":"https:\/\/www.egemtv.com\/index.php?rest_route=\/wp\/v2\/posts\/42685\/revisions"}],"predecessor-version":[{"id":42687,"href":"https:\/\/www.egemtv.com\/index.php?rest_route=\/wp\/v2\/posts\/42685\/revisions\/42687"}],"wp:featuredmedia":[{"embeddable":true,"href":"https:\/\/www.egemtv.com\/index.php?rest_route=\/wp\/v2\/media\/42686"}],"wp:attachment":[{"href":"https:\/\/www.egemtv.com\/index.php?rest_route=%2Fwp%2Fv2%2Fmedia&parent=42685"}],"wp:term":[{"taxonomy":"category","embeddable":true,"href":"https:\/\/www.egemtv.com\/index.php?rest_route=%2Fwp%2Fv2%2Fcategories&post=42685"},{"taxonomy":"post_tag","embeddable":true,"href":"https:\/\/www.egemtv.com\/index.php?rest_route=%2Fwp%2Fv2%2Ftags&post=42685"}],"curies":[{"name":"wp","href":"https:\/\/api.w.org\/{rel}","templated":true}]}}