{"id":42679,"date":"2025-07-17T14:36:24","date_gmt":"2025-07-17T11:36:24","guid":{"rendered":"https:\/\/www.egemtv.com\/?p=42679"},"modified":"2025-07-17T14:36:27","modified_gmt":"2025-07-17T11:36:27","slug":"zeynep-sude-camelinin-gururu-oldu","status":"publish","type":"post","link":"https:\/\/www.egemtv.com\/?p=42679","title":{"rendered":"Zeynep Sude \u00c7ameli\u2019nin gururu oldu"},"content":{"rendered":"<p>Denizli\u2019nin \u00c7ameli il\u00e7esinde 2025 LGS\u2019de 482 puan alarak T\u00fcrkiye genelinde y\u00fczde 0,69\u2019luk dilime giren Zeynep Sude \u00d6z, ailesiyle birlikte b\u00fcy\u00fck bir sevin\u00e7 ya\u015fad\u0131.<\/p>\n<p>\u00c7ameli \u0130mam Hatip Ortaokulu 8. s\u0131n\u0131f \u00f6\u011frencisi Zeynep Sude \u00d6z, 2025 Liselere Ge\u00e7i\u015f Sistemi (LGS) s\u0131nav\u0131nda g\u00f6sterdi\u011fi ba\u015far\u0131yla t\u00fcm il\u00e7eye gurur ya\u015fatt\u0131. 482 puan alarak T\u00fcrkiye genelinde y\u00fczde 0,69\u2019luk ba\u015far\u0131 dilimine giren Zeynep, sadece kendi ailesini de\u011fil, \u00f6\u011fretmenlerini, arkada\u015flar\u0131n\u0131 ve okulunu da onurland\u0131rd\u0131. \u00c7ameli \u0130mam Hatip Ortaokulu M\u00fcd\u00fcr\u00fc Yunus \u00c7a\u011fda\u015f, Zeynep Sude \u00d6z\u2019\u00fc evinde ziyaret ederek hem \u00f6\u011frenciyi hem de ailesini tebrik etti.<\/p>\n<p>M\u00fcd\u00fcr Yunus \u00c7a\u011fda\u015f, Zeynep\u2019in ba\u015far\u0131s\u0131n\u0131n tesad\u00fcf olmad\u0131\u011f\u0131n\u0131 belirterek, &#8220;Zeynep Sude \u00d6z, azmi, disiplini ve \u00f6zverisiyle her zaman \u00f6rnek bir \u00f6\u011frencimiz oldu. Bug\u00fcn elde etti\u011fi bu sonu\u00e7, uzun s\u00fcredir devam eden kararl\u0131 \u00e7al\u0131\u015fmalar\u0131n\u0131n bir meyvesidir. Ailesinin deste\u011fi, \u00f6\u011fretmenlerimizin rehberli\u011fi ve \u00f6\u011frencimizin azmi birle\u015fince bu ba\u015far\u0131 ka\u00e7\u0131n\u0131lmaz oldu. Zeynep\u2019in ileride \u00e7ok daha b\u00fcy\u00fck ba\u015far\u0131lara imza ataca\u011f\u0131na y\u00fcrekten inan\u0131yorum. Hem ailesini hem kendisini can\u0131 g\u00f6n\u00fclden tebrik ediyorum&#8221; dedi.<\/p>\n<p>Zeynep Sude \u00d6z ise ziyaretten duydu\u011fu memnuniyeti dile getirerek, bu s\u00fcre\u00e7te kendisine destek olan \u00f6\u011fretmenlerine, ailesine ve okul y\u00f6netimine te\u015fekk\u00fcr etti.<br \/><\/p>\n","protected":false},"excerpt":{"rendered":"<p>Denizli\u2019nin \u00c7ameli il\u00e7esinde 2025 LGS\u2019de 482 puan alarak T\u00fcrkiye genelinde y\u00fczde 0,69\u2019luk dilime giren Zeynep Sude \u00d6z, ailesiyle birlikte b\u00fcy\u00fck bir sevin\u00e7 ya\u015fad\u0131. \u00c7ameli \u0130mam Hatip Ortaokulu 8. s\u0131n\u0131f \u00f6\u011frencisi Zeynep Sude \u00d6z, 2025 Liselere Ge\u00e7i\u015f Sistemi (LGS) s\u0131nav\u0131nda g\u00f6sterdi\u011fi ba\u015far\u0131yla t\u00fcm il\u00e7eye gurur ya\u015fatt\u0131. 482 puan alarak T\u00fcrkiye genelinde y\u00fczde 0,69\u2019luk ba\u015far\u0131 dilimine giren&#8230;<\/p>\n","protected":false},"author":1,"featured_media":42680,"comment_status":"open","ping_status":"open","sticky":false,"template":"","format":"standard","meta":{"_crdt_document":"","footnotes":""},"categories":[1],"tags":[],"class_list":["post-42679","post","type-post","status-publish","format-standard","has-post-thumbnail","hentry","category-guncel"],"_links":{"self":[{"href":"https:\/\/www.egemtv.com\/index.php?rest_route=\/wp\/v2\/posts\/42679","targetHints":{"allow":["GET"]}}],"collection":[{"href":"https:\/\/www.egemtv.com\/index.php?rest_route=\/wp\/v2\/posts"}],"about":[{"href":"https:\/\/www.egemtv.com\/index.php?rest_route=\/wp\/v2\/types\/post"}],"author":[{"embeddable":true,"href":"https:\/\/www.egemtv.com\/index.php?rest_route=\/wp\/v2\/users\/1"}],"replies":[{"embeddable":true,"href":"https:\/\/www.egemtv.com\/index.php?rest_route=%2Fwp%2Fv2%2Fcomments&post=42679"}],"version-history":[{"count":1,"href":"https:\/\/www.egemtv.com\/index.php?rest_route=\/wp\/v2\/posts\/42679\/revisions"}],"predecessor-version":[{"id":42681,"href":"https:\/\/www.egemtv.com\/index.php?rest_route=\/wp\/v2\/posts\/42679\/revisions\/42681"}],"wp:featuredmedia":[{"embeddable":true,"href":"https:\/\/www.egemtv.com\/index.php?rest_route=\/wp\/v2\/media\/42680"}],"wp:attachment":[{"href":"https:\/\/www.egemtv.com\/index.php?rest_route=%2Fwp%2Fv2%2Fmedia&parent=42679"}],"wp:term":[{"taxonomy":"category","embeddable":true,"href":"https:\/\/www.egemtv.com\/index.php?rest_route=%2Fwp%2Fv2%2Fcategories&post=42679"},{"taxonomy":"post_tag","embeddable":true,"href":"https:\/\/www.egemtv.com\/index.php?rest_route=%2Fwp%2Fv2%2Ftags&post=42679"}],"curies":[{"name":"wp","href":"https:\/\/api.w.org\/{rel}","templated":true}]}}