{"id":42676,"date":"2025-07-17T14:15:50","date_gmt":"2025-07-17T11:15:50","guid":{"rendered":"https:\/\/www.egemtv.com\/?p=42676"},"modified":"2025-07-17T14:15:53","modified_gmt":"2025-07-17T11:15:53","slug":"turgutluda-sehit-aileleri-ve-gaziler-kahvalti-programinda-bulustu","status":"publish","type":"post","link":"https:\/\/www.egemtv.com\/?p=42676","title":{"rendered":"Turgutlu\u2019da \u015fehit aileleri ve gaziler kahvalt\u0131 program\u0131nda bulu\u015ftu"},"content":{"rendered":"<p>T\u00fcrkiye Harp Malul\u00fc Gaziler, \u015eehit Dul ve Yetimleri Derne\u011fi Manisa \u015eubesi taraf\u0131ndan Turgutlu\u2019da d\u00fczenlenen kahvalt\u0131 program\u0131, duygu dolu anlara sahne oldu.<br \/>\n<br \/>Turgutlu Temsilcisi \u015eehit K\u0131z\u0131 B\u00fc\u015fra \u015eent\u00fcrk\u2019\u00fcn ev sahipli\u011finde ger\u00e7ekle\u015fen programa; Dernek Ba\u015fkan\u0131 Gazi Yusuf K\u0131y\u0131\u015fkan, Akhisar Temsilcisi \u00d6mer Kayhan, Salihli Temsilcisi Gazi R\u0131dvan Herey ile Turgutlu\u2019da ya\u015fayan \u015fehit aileleri ve gaziler kat\u0131ld\u0131.<br \/>\n<br \/>Birlik ve dayan\u0131\u015fma mesajlar\u0131n\u0131n verildi\u011fi kahvalt\u0131 program\u0131nda, \u015fehitlerin emanetleri olan aile bireyleri ve gaziler aras\u0131nda g\u00fc\u00e7l\u00fc g\u00f6n\u00fcl ba\u011flar\u0131 bir kez daha peki\u015ftirildi.<\/p>\n<p>&#8220;Bu ailenin par\u00e7as\u0131 olmak bir \u015fereftir&#8221;<br \/>\n<br \/>Programda konu\u015fan Turgutlu Temsilcisi \u015eehit K\u0131z\u0131 B\u00fc\u015fra \u015eent\u00fcrk, bulu\u015fmaya kat\u0131lan herkese te\u015fekk\u00fcr ederek, &#8220;Bu b\u00fcy\u00fck ailenin bir par\u00e7as\u0131 olmaktan onur duyuyorum. Vatan u\u011fruna can veren kahramanlar\u0131m\u0131z\u0131n hat\u0131ras\u0131n\u0131 ya\u015fatmak i\u00e7in hep birlikte \u00e7al\u0131\u015faca\u011f\u0131z&#8221; dedi.<br \/>\n<br \/>Dernek Ba\u015fkan\u0131 Gazi Yusuf K\u0131y\u0131\u015fkan ise konu\u015fmas\u0131nda \u00f6nceki temsilci Ahmet \u0130lter\u2019e emeklerinden dolay\u0131 te\u015fekk\u00fcr ederken, g\u00f6revi devralan B\u00fc\u015fra \u015eent\u00fcrk\u2019e de ba\u015far\u0131lar diledi. K\u0131y\u0131\u015fkan, &#8220;\u015eehitlerimizin kutsal emanetlerine ve gazilerimizin onurlu m\u00fccadelesine sahip \u00e7\u0131kmak, bizlerin boynunun borcudur. Derne\u011fimiz bu milletin \u00e7imentosudur&#8221; ifadelerini kulland\u0131.<br \/>\n<br \/>Programda, vatan u\u011fruna hayat\u0131n\u0131 kaybeden \u015fehitler rahmet ve minnetle an\u0131ld\u0131. Kat\u0131l\u0131mc\u0131lar, kahvalt\u0131 sonras\u0131 \u015fehitlerin ruhu i\u00e7in dualar ederek, aziz hat\u0131ralar\u0131n\u0131 bir kez daha yad etti.<\/p>\n<p>Tarihi dernekten kamuoyuna mesaj<br \/>\n<br \/>Kahvalt\u0131 sonras\u0131 yap\u0131lan a\u00e7\u0131klamada, 1915 y\u0131l\u0131nda temelleri at\u0131lan ve 1983\u2019te TBMM taraf\u0131ndan \u00e7\u0131kar\u0131lan 2847 say\u0131l\u0131 yasa ile kurulan T\u00fcrkiye Harp Malul\u00fc Gaziler, \u015eehit Dul ve Yetimleri Derne\u011fi\u2019nin, devlet taraf\u0131ndan tan\u0131nan ve kamu yarar\u0131na \u00e7al\u0131\u015fan tek sivil toplum kurulu\u015fu oldu\u011fu vurguland\u0131.<br \/>\n<br \/>Genel Merkezi Ankara\u2019da bulunan dernek; 77 \u015fube, 50 temsilcilik ve yakla\u015f\u0131k 30 bin \u00fcyesiyle T\u00fcrkiye genelinde aktif olarak faaliyet g\u00f6steriyor.<br \/>\n<br \/>Manisa \u015eubesi\u2019nin de ayn\u0131 ilkeler do\u011frultusunda \u00e7al\u0131\u015fmaya devam etti\u011fi ifade edilirken, \u015fehitlik ve gazili\u011fin onurunu ki\u015fisel \u00e7\u0131karlar\u0131na alet eden yap\u0131lara kar\u015f\u0131 net bir duru\u015f sergilendi.<\/p>\n<p>&#8220;Tarihe ve vicdana notumuzdur&#8221;<br \/>\n<br \/>A\u00e7\u0131klamada son olarak \u015fu ifadelere yer verildi: &#8220;\u015eehitli\u011fin vakar\u0131n\u0131, gazili\u011fin onurunu ki\u015fisel \u00e7\u0131karlar\u0131 i\u00e7in ara\u00e7 haline getirmeye \u00e7al\u0131\u015fan hi\u00e7bir yap\u0131; ne bu aziz milletin vicdan\u0131nda kar\u015f\u0131l\u0131k bulabilir, ne de tarihin adaletinden ka\u00e7abilir. Varl\u0131\u011f\u0131m\u0131z\u0131 bor\u00e7lu oldu\u011fumuz kahramanlara lay\u0131k bir duru\u015fla, birlik ve beraberlik i\u00e7inde y\u00fcr\u00fcmeye devam edece\u011fiz.&#8221;<br \/><\/p>\n","protected":false},"excerpt":{"rendered":"<p>T\u00fcrkiye Harp Malul\u00fc Gaziler, \u015eehit Dul ve Yetimleri Derne\u011fi Manisa \u015eubesi taraf\u0131ndan Turgutlu\u2019da d\u00fczenlenen kahvalt\u0131 program\u0131, duygu dolu anlara sahne oldu. Turgutlu Temsilcisi \u015eehit K\u0131z\u0131 B\u00fc\u015fra \u015eent\u00fcrk\u2019\u00fcn ev sahipli\u011finde ger\u00e7ekle\u015fen programa; Dernek Ba\u015fkan\u0131 Gazi Yusuf K\u0131y\u0131\u015fkan, Akhisar Temsilcisi \u00d6mer Kayhan, Salihli Temsilcisi Gazi R\u0131dvan Herey ile Turgutlu\u2019da ya\u015fayan \u015fehit aileleri ve gaziler kat\u0131ld\u0131. Birlik ve&#8230;<\/p>\n","protected":false},"author":1,"featured_media":42677,"comment_status":"open","ping_status":"open","sticky":false,"template":"","format":"standard","meta":{"_crdt_document":"","footnotes":""},"categories":[123],"tags":[],"class_list":["post-42676","post","type-post","status-publish","format-standard","has-post-thumbnail","hentry","category-gundem"],"_links":{"self":[{"href":"https:\/\/www.egemtv.com\/index.php?rest_route=\/wp\/v2\/posts\/42676","targetHints":{"allow":["GET"]}}],"collection":[{"href":"https:\/\/www.egemtv.com\/index.php?rest_route=\/wp\/v2\/posts"}],"about":[{"href":"https:\/\/www.egemtv.com\/index.php?rest_route=\/wp\/v2\/types\/post"}],"author":[{"embeddable":true,"href":"https:\/\/www.egemtv.com\/index.php?rest_route=\/wp\/v2\/users\/1"}],"replies":[{"embeddable":true,"href":"https:\/\/www.egemtv.com\/index.php?rest_route=%2Fwp%2Fv2%2Fcomments&post=42676"}],"version-history":[{"count":1,"href":"https:\/\/www.egemtv.com\/index.php?rest_route=\/wp\/v2\/posts\/42676\/revisions"}],"predecessor-version":[{"id":42678,"href":"https:\/\/www.egemtv.com\/index.php?rest_route=\/wp\/v2\/posts\/42676\/revisions\/42678"}],"wp:featuredmedia":[{"embeddable":true,"href":"https:\/\/www.egemtv.com\/index.php?rest_route=\/wp\/v2\/media\/42677"}],"wp:attachment":[{"href":"https:\/\/www.egemtv.com\/index.php?rest_route=%2Fwp%2Fv2%2Fmedia&parent=42676"}],"wp:term":[{"taxonomy":"category","embeddable":true,"href":"https:\/\/www.egemtv.com\/index.php?rest_route=%2Fwp%2Fv2%2Fcategories&post=42676"},{"taxonomy":"post_tag","embeddable":true,"href":"https:\/\/www.egemtv.com\/index.php?rest_route=%2Fwp%2Fv2%2Ftags&post=42676"}],"curies":[{"name":"wp","href":"https:\/\/api.w.org\/{rel}","templated":true}]}}