{"id":42670,"date":"2025-07-17T13:35:54","date_gmt":"2025-07-17T10:35:54","guid":{"rendered":"https:\/\/www.egemtv.com\/?p=42670"},"modified":"2025-07-17T13:35:57","modified_gmt":"2025-07-17T10:35:57","slug":"pamukkale-universitesi-hastanesi-calisanlari-3-kez-is-birakti","status":"publish","type":"post","link":"https:\/\/www.egemtv.com\/?p=42670","title":{"rendered":"Pamukkale \u00dcniversitesi Hastanesi \u00e7al\u0131\u015fanlar\u0131 3. kez i\u015f b\u0131rakt\u0131"},"content":{"rendered":"<p>Denizli Pamukkale \u00dcniversitesi (PA\u00dc) Hastanesinde g\u00f6revli bir grup sa\u011fl\u0131k \u00e7al\u0131\u015fan\u0131, e\u015fit \u00e7al\u0131\u015fma \u015fartlar\u0131 ve e\u015fit \u00fccret talebiyle 1 g\u00fcnl\u00fc\u011f\u00fcne 3\u2019\u00fcnc\u00fc kez i\u015f b\u0131rakma eylemi ger\u00e7ekle\u015ftirdi. Eyleme 250 personel kat\u0131l\u0131m sa\u011flarken, mesaide olmamalar\u0131na ra\u011fmen 100 personelde eyleme kat\u0131larak destek verdi.<\/p>\n<p>Pamukkale \u00dcniversitesi Hastanesinde g\u00f6rev yapan T\u00fcrk Sa\u011fl\u0131k \u0130\u015f Sendikas\u0131 \u00fcyesi sa\u011fl\u0131k\u00e7\u0131lar Mart ay\u0131nda PA\u00dc y\u00f6netimi taraf\u0131ndan \u00e7al\u0131\u015fanlar aras\u0131nda ayr\u0131m yap\u0131ld\u0131\u011f\u0131n\u0131 iddia ederek, yatakl\u0131 servisler \u00f6n\u00fcnde 1 saatlik eylemin ard\u0131ndan 2\u2019inci kez 2 saatlik i\u015f b\u0131rakma eylemi ger\u00e7ekle\u015ftirilmi\u015fti. Sa\u011fl\u0131k \u00e7al\u0131\u015fanlar\u0131 di\u011fer personeller gibi haftal\u0131k 40 saatlik \u00e7al\u0131\u015fma ve e\u015fit maa\u015f taleplerini yineleyerek 3. kez i\u015fi b\u0131rakma eylemi ger\u00e7ekle\u015ftirildi. PA\u00dc sa\u011fl\u0131k \u00e7al\u0131\u015fanlar\u0131 sloganlar ve pankartlarla seslerini duyurmaya PA\u00dc Rekt\u00f6rl\u00fc\u011f\u00fcne duyurmaya \u00e7al\u0131\u015ft\u0131lar. 250 personel 1 g\u00fcnl\u00fc\u011f\u00fcne i\u015fi b\u0131rak\u0131rken, mesaisi olmamas\u0131na ra\u011fmen eylemi desteklemek i\u00e7in gelen 100 i\u015f\u00e7i de arkada\u015flar\u0131n\u0131 yaln\u0131z b\u0131rakmad\u0131.<\/p>\n<p>&#8220;Biz 2 y\u0131l \u00f6ncesinin zamm\u0131n\u0131 de\u011fil, bug\u00fcn\u00fcn \u015fartlar\u0131na uygun, hakk\u0131m\u0131z olan \u00fccreti istiyoruz&#8221;<br \/>\n<br \/>Yakla\u015f\u0131k bir y\u0131l\u0131 a\u015fk\u0131n s\u00fcredir eylem ger\u00e7ekle\u015ftirdiklerini ama muhatap olan herhangi bir yetkiliyle kar\u015f\u0131la\u015fmad\u0131klar\u0131n\u0131 ifade eden T\u00fcrk Sa\u011fl\u0131k \u0130\u015f Denizli \u0130l Temsilcisi Zeki K\u0131l\u0131\u00e7, &#8220;Bug\u00fcn yine burada toplanmam\u0131z\u0131n nedeni \u00e7ok a\u00e7\u0131k: 2023 y\u0131l\u0131nda ald\u0131\u011f\u0131m\u0131z zamlarla ge\u00e7inmeye \u00e7al\u0131\u015fmak zorunda b\u0131rak\u0131l\u0131yoruz. Ekonomik ger\u00e7ekler ortada; al\u0131m g\u00fcc\u00fcm\u00fcz her ge\u00e7en g\u00fcn d\u00fc\u015f\u00fcyor ve bizler g\u00f6rmezden geliniyoruz. Bizler, Denizli\u2019nin ve \u00e7evre illerin halk\u0131na sa\u011fl\u0131k hizmeti sunan emek\u00e7iler olarak asla vatanda\u015flar\u0131m\u0131z\u0131 ma\u011fdur etmek ya da sorun \u00e7\u0131karmak istemiyoruz. Bizim tek iste\u011fimiz, insanca ve refah i\u00e7inde ya\u015fayabilece\u011fimiz bir \u00fccret almakt\u0131r. \u015eunu a\u00e7\u0131k\u00e7a ifade ediyoruz, Biz 2 y\u0131l \u00f6ncesinin zamm\u0131n\u0131 de\u011fil, bug\u00fcn\u00fcn \u015fartlar\u0131na uygun, hakk\u0131m\u0131z olan \u00fccreti istiyoruz. 86 milyon insan\u0131n bildi\u011fi ger\u00e7e\u011fi hat\u0131rlat\u0131yoruz: 2 y\u0131l \u00f6nceki al\u0131m g\u00fcc\u00fc ile bug\u00fcnk\u00fc al\u0131m g\u00fcc\u00fc ayn\u0131 de\u011fildir. Yakla\u015f\u0131k bir y\u0131l\u0131 a\u015fk\u0131n s\u00fcredir bu meydanlarda sesimizi duyurmaya \u00e7al\u0131\u015f\u0131yoruz. Her platformda derdimizi anlat\u0131yoruz. Ancak \u00e7\u00f6z\u00fcm odakl\u0131 yakla\u015fan, bizleri muhatap al\u0131p masaya davet eden hi\u00e7bir yetkiliyle kar\u015f\u0131la\u015famad\u0131k&#8221; dedi.<\/p>\n<p>&#8220;Biz \u00e7\u00f6z\u00fcm istiyoruz, hakk\u0131m\u0131z olan\u0131 istiyoruz&#8221;<br \/>\n<br \/>Rekt\u00f6rl\u00fckten randevu talep olu\u015fturduklar\u0131n\u0131 ve haklar\u0131n\u0131 istediklerini belirten K\u0131l\u0131\u00e7, &#8220;Defalarca Denizli\u2019mizdeki b\u00fcrokratlara, siyasilere ve se\u00e7ilmi\u015f devlet yetkililerine seslendik. Ama \u00e7\u00f6z\u00fcm bulamad\u0131k. \u00d6n\u00fcm\u00fczdeki g\u00fcnlerde Rekt\u00f6r\u00fcm\u00fczden randevu talep edece\u011fiz. \u00c7\u00fcnk\u00fc inan\u0131yoruz ki Rekt\u00f6r\u00fcm\u00fcz, bu sorunu \u00e7\u00f6zmek ad\u0131na bizleri dinleyecek ve ortak bir yol bulacakt\u0131r. Bizim talebimiz net ve adildir, Ayn\u0131 kadroda, ayn\u0131 birimde, ayn\u0131 i\u015fi yapt\u0131\u011f\u0131m\u0131z arkada\u015flar\u0131m\u0131zla e\u015fit \u00fccret almak ve haftal\u0131k \u00e7al\u0131\u015fma s\u00fcresinin, Rekt\u00f6rl\u00fckte g\u00f6rev yapan ayn\u0131 kadrodaki arkada\u015flar\u0131m\u0131zla e\u015fitlenmesidir. Eminiz ki Rekt\u00f6r\u00fcm\u00fczle bu konular\u0131 g\u00f6r\u00fc\u015ft\u00fc\u011f\u00fcm\u00fczde sa\u011fduyu galip gelecek ve ortak bir \u00e7\u00f6z\u00fcm bulunacakt\u0131r. \u00c7\u00fcnk\u00fc biz art\u0131k vatanda\u015flar\u0131m\u0131z\u0131n ma\u011fdur olmas\u0131n\u0131 istemiyoruz. Biz \u00e7\u00f6z\u00fcm istiyoruz. Biz hakk\u0131m\u0131z olan\u0131 istiyoruz&#8221; diye konu\u015ftu.<br \/><\/p>\n","protected":false},"excerpt":{"rendered":"<p>Denizli Pamukkale \u00dcniversitesi (PA\u00dc) Hastanesinde g\u00f6revli bir grup sa\u011fl\u0131k \u00e7al\u0131\u015fan\u0131, e\u015fit \u00e7al\u0131\u015fma \u015fartlar\u0131 ve e\u015fit \u00fccret talebiyle 1 g\u00fcnl\u00fc\u011f\u00fcne 3\u2019\u00fcnc\u00fc kez i\u015f b\u0131rakma eylemi ger\u00e7ekle\u015ftirdi. Eyleme 250 personel kat\u0131l\u0131m sa\u011flarken, mesaide olmamalar\u0131na ra\u011fmen 100 personelde eyleme kat\u0131larak destek verdi. Pamukkale \u00dcniversitesi Hastanesinde g\u00f6rev yapan T\u00fcrk Sa\u011fl\u0131k \u0130\u015f Sendikas\u0131 \u00fcyesi sa\u011fl\u0131k\u00e7\u0131lar Mart ay\u0131nda PA\u00dc y\u00f6netimi taraf\u0131ndan&#8230;<\/p>\n","protected":false},"author":1,"featured_media":42671,"comment_status":"open","ping_status":"open","sticky":false,"template":"","format":"standard","meta":{"_crdt_document":"","footnotes":""},"categories":[2],"tags":[],"class_list":["post-42670","post","type-post","status-publish","format-standard","has-post-thumbnail","hentry","category-saglik"],"_links":{"self":[{"href":"https:\/\/www.egemtv.com\/index.php?rest_route=\/wp\/v2\/posts\/42670","targetHints":{"allow":["GET"]}}],"collection":[{"href":"https:\/\/www.egemtv.com\/index.php?rest_route=\/wp\/v2\/posts"}],"about":[{"href":"https:\/\/www.egemtv.com\/index.php?rest_route=\/wp\/v2\/types\/post"}],"author":[{"embeddable":true,"href":"https:\/\/www.egemtv.com\/index.php?rest_route=\/wp\/v2\/users\/1"}],"replies":[{"embeddable":true,"href":"https:\/\/www.egemtv.com\/index.php?rest_route=%2Fwp%2Fv2%2Fcomments&post=42670"}],"version-history":[{"count":1,"href":"https:\/\/www.egemtv.com\/index.php?rest_route=\/wp\/v2\/posts\/42670\/revisions"}],"predecessor-version":[{"id":42672,"href":"https:\/\/www.egemtv.com\/index.php?rest_route=\/wp\/v2\/posts\/42670\/revisions\/42672"}],"wp:featuredmedia":[{"embeddable":true,"href":"https:\/\/www.egemtv.com\/index.php?rest_route=\/wp\/v2\/media\/42671"}],"wp:attachment":[{"href":"https:\/\/www.egemtv.com\/index.php?rest_route=%2Fwp%2Fv2%2Fmedia&parent=42670"}],"wp:term":[{"taxonomy":"category","embeddable":true,"href":"https:\/\/www.egemtv.com\/index.php?rest_route=%2Fwp%2Fv2%2Fcategories&post=42670"},{"taxonomy":"post_tag","embeddable":true,"href":"https:\/\/www.egemtv.com\/index.php?rest_route=%2Fwp%2Fv2%2Ftags&post=42670"}],"curies":[{"name":"wp","href":"https:\/\/api.w.org\/{rel}","templated":true}]}}