{"id":42667,"date":"2025-07-17T13:15:30","date_gmt":"2025-07-17T10:15:30","guid":{"rendered":"https:\/\/www.egemtv.com\/?p=42667"},"modified":"2025-07-17T13:15:32","modified_gmt":"2025-07-17T10:15:32","slug":"buharkent-belediyesinden-aninda-mudahale","status":"publish","type":"post","link":"https:\/\/www.egemtv.com\/?p=42667","title":{"rendered":"Buharkent Belediyesi\u2019nden an\u0131nda m\u00fcdahale"},"content":{"rendered":"<p>Ayd\u0131n\u2019\u0131n Buharkent il\u00e7esinde etkili olan dolu ya\u011f\u0131\u015f\u0131 ve \u015fiddetli r\u00fczgar nedeniyle devrilen a\u011fa\u00e7lara belediye ekipleri h\u0131zla m\u00fcdahale etti.<\/p>\n<p>Buharkent\u2019te d\u00fcn ak\u015fam saatlerinde dolu ya\u011f\u0131\u015f\u0131 ve \u015fiddetli r\u00fczgar etkili oldu. Olumsuzluklara kar\u015f\u0131 teyakkuza ge\u00e7en belediye ekipleri ise baz\u0131 b\u00f6lgelerde ya\u015fanan a\u011fa\u00e7 devrilmelerine h\u0131zla m\u00fcdahale etti. Buharkent Belediyesi Fen \u0130\u015fleri ile Park ve Bah\u00e7e ekipleri, olumsuzluklar\u0131 tespit ederek \u00e7evre temizli\u011fi \u00e7al\u0131\u015fmas\u0131 ger\u00e7ekle\u015ftirdi.<\/p>\n<p>Konu ile ilgili Buharkent Belediyesi\u2019nden yap\u0131lan a\u00e7\u0131klamada &#8220;Ak\u015fam saatlerinde il\u00e7emizde etkili olan yo\u011fun dolu ve \u015fiddetli r\u00fczgar nedeniyle baz\u0131 b\u00f6lgelerde a\u011fa\u00e7 devrilmeleri ve \u00e7evresel zararlar meydana gelmi\u015ftir. Belediyemiz Fen \u0130\u015fleri ile Park ve Bah\u00e7e birimi ekiplerimiz, ya\u015fanan olumsuzluklar\u0131n ard\u0131ndan tespit edilen t\u00fcm noktalara ivedilikle m\u00fcdahale ederek \u00e7evre temizli\u011fi \u00e7al\u0131\u015fmalar\u0131n\u0131 tamamlam\u0131\u015f, vatanda\u015flar\u0131m\u0131z\u0131n g\u00fcvenli\u011fi i\u00e7in gerekli t\u00fcm \u00f6nlemleri alm\u0131\u015ft\u0131r&#8221; ifadelerine yer verdi.<br \/><\/p>\n","protected":false},"excerpt":{"rendered":"<p>Ayd\u0131n\u2019\u0131n Buharkent il\u00e7esinde etkili olan dolu ya\u011f\u0131\u015f\u0131 ve \u015fiddetli r\u00fczgar nedeniyle devrilen a\u011fa\u00e7lara belediye ekipleri h\u0131zla m\u00fcdahale etti. Buharkent\u2019te d\u00fcn ak\u015fam saatlerinde dolu ya\u011f\u0131\u015f\u0131 ve \u015fiddetli r\u00fczgar etkili oldu. Olumsuzluklara kar\u015f\u0131 teyakkuza ge\u00e7en belediye ekipleri ise baz\u0131 b\u00f6lgelerde ya\u015fanan a\u011fa\u00e7 devrilmelerine h\u0131zla m\u00fcdahale etti. Buharkent Belediyesi Fen \u0130\u015fleri ile Park ve Bah\u00e7e ekipleri, olumsuzluklar\u0131 tespit&#8230;<\/p>\n","protected":false},"author":1,"featured_media":42668,"comment_status":"open","ping_status":"open","sticky":false,"template":"","format":"standard","meta":{"_crdt_document":"","footnotes":""},"categories":[1],"tags":[],"class_list":["post-42667","post","type-post","status-publish","format-standard","has-post-thumbnail","hentry","category-guncel"],"_links":{"self":[{"href":"https:\/\/www.egemtv.com\/index.php?rest_route=\/wp\/v2\/posts\/42667","targetHints":{"allow":["GET"]}}],"collection":[{"href":"https:\/\/www.egemtv.com\/index.php?rest_route=\/wp\/v2\/posts"}],"about":[{"href":"https:\/\/www.egemtv.com\/index.php?rest_route=\/wp\/v2\/types\/post"}],"author":[{"embeddable":true,"href":"https:\/\/www.egemtv.com\/index.php?rest_route=\/wp\/v2\/users\/1"}],"replies":[{"embeddable":true,"href":"https:\/\/www.egemtv.com\/index.php?rest_route=%2Fwp%2Fv2%2Fcomments&post=42667"}],"version-history":[{"count":1,"href":"https:\/\/www.egemtv.com\/index.php?rest_route=\/wp\/v2\/posts\/42667\/revisions"}],"predecessor-version":[{"id":42669,"href":"https:\/\/www.egemtv.com\/index.php?rest_route=\/wp\/v2\/posts\/42667\/revisions\/42669"}],"wp:featuredmedia":[{"embeddable":true,"href":"https:\/\/www.egemtv.com\/index.php?rest_route=\/wp\/v2\/media\/42668"}],"wp:attachment":[{"href":"https:\/\/www.egemtv.com\/index.php?rest_route=%2Fwp%2Fv2%2Fmedia&parent=42667"}],"wp:term":[{"taxonomy":"category","embeddable":true,"href":"https:\/\/www.egemtv.com\/index.php?rest_route=%2Fwp%2Fv2%2Fcategories&post=42667"},{"taxonomy":"post_tag","embeddable":true,"href":"https:\/\/www.egemtv.com\/index.php?rest_route=%2Fwp%2Fv2%2Ftags&post=42667"}],"curies":[{"name":"wp","href":"https:\/\/api.w.org\/{rel}","templated":true}]}}