{"id":42664,"date":"2025-07-17T13:15:29","date_gmt":"2025-07-17T10:15:29","guid":{"rendered":"https:\/\/www.egemtv.com\/?p=42664"},"modified":"2025-07-17T13:15:30","modified_gmt":"2025-07-17T10:15:30","slug":"17-yasindaki-otomobil-faresi-bekcilere-yakalandi","status":"publish","type":"post","link":"https:\/\/www.egemtv.com\/?p=42664","title":{"rendered":"17 ya\u015f\u0131ndaki otomobil faresi bek\u00e7ilere yakaland\u0131"},"content":{"rendered":"<p>\u0130zmir\u2019in Karaba\u011flar il\u00e7esinde park halindeki ara\u00e7tan e\u015fya \u00e7alan 17 ya\u015f\u0131ndaki zanl\u0131, devriye gezen bek\u00e7ilerce yakaland\u0131.<br \/>\n<br \/>\u00dc\u00e7kuyular Mahallesi 12 Sokak\u2019ta devriye gezen Karaba\u011flar \u0130l\u00e7e Emniyet M\u00fcd\u00fcrl\u00fc\u011f\u00fcne ba\u011fl\u0131 \u00c7ar\u015f\u0131 ve Mahalle Bek\u00e7ileri ekipleri, \u015f\u00fcpheli bulduklar\u0131 B.D.\u2019yi (17) durdurdu. \u015eahs\u0131n elindeki po\u015feti kontrol eden ekipler; 1 dron, 1 Apple marka klavye, 1 ad garaj kumandas\u0131, 1 ka\u015fe ve drona ait \u00e7e\u015fitli par\u00e7alar buldu. Po\u015fetteki ka\u015fe \u00fczerindeki numaradan yola \u00e7\u0131kan ekipler, ara\u00e7 sahibi ile irtibata ge\u00e7ti. 15\/2 Sokak\u2019ta park halindeki arac\u0131n\u0131n ba\u015f\u0131na giden \u015fah\u0131s, e\u015fyalar\u0131n\u0131n \u00e7al\u0131nd\u0131\u011f\u0131n\u0131 ve olay s\u0131ras\u0131nda evde uyudu\u011funu belirterek \u015fikayet\u00e7i oldu. G\u00f6zalt\u0131na al\u0131nan B.D. polis merkezine g\u00f6t\u00fcr\u00fcld\u00fc. Olayla ilgili soru\u015fturma ba\u015flat\u0131ld\u0131.<br \/><\/p>\n","protected":false},"excerpt":{"rendered":"<p>\u0130zmir\u2019in Karaba\u011flar il\u00e7esinde park halindeki ara\u00e7tan e\u015fya \u00e7alan 17 ya\u015f\u0131ndaki zanl\u0131, devriye gezen bek\u00e7ilerce yakaland\u0131. \u00dc\u00e7kuyular Mahallesi 12 Sokak\u2019ta devriye gezen Karaba\u011flar \u0130l\u00e7e Emniyet M\u00fcd\u00fcrl\u00fc\u011f\u00fcne ba\u011fl\u0131 \u00c7ar\u015f\u0131 ve Mahalle Bek\u00e7ileri ekipleri, \u015f\u00fcpheli bulduklar\u0131 B.D.\u2019yi (17) durdurdu. \u015eahs\u0131n elindeki po\u015feti kontrol eden ekipler; 1 dron, 1 Apple marka klavye, 1 ad garaj kumandas\u0131, 1 ka\u015fe ve&#8230;<\/p>\n","protected":false},"author":1,"featured_media":42665,"comment_status":"open","ping_status":"open","sticky":false,"template":"","format":"standard","meta":{"_crdt_document":"","footnotes":""},"categories":[5],"tags":[],"class_list":["post-42664","post","type-post","status-publish","format-standard","has-post-thumbnail","hentry","category-asayis"],"_links":{"self":[{"href":"https:\/\/www.egemtv.com\/index.php?rest_route=\/wp\/v2\/posts\/42664","targetHints":{"allow":["GET"]}}],"collection":[{"href":"https:\/\/www.egemtv.com\/index.php?rest_route=\/wp\/v2\/posts"}],"about":[{"href":"https:\/\/www.egemtv.com\/index.php?rest_route=\/wp\/v2\/types\/post"}],"author":[{"embeddable":true,"href":"https:\/\/www.egemtv.com\/index.php?rest_route=\/wp\/v2\/users\/1"}],"replies":[{"embeddable":true,"href":"https:\/\/www.egemtv.com\/index.php?rest_route=%2Fwp%2Fv2%2Fcomments&post=42664"}],"version-history":[{"count":1,"href":"https:\/\/www.egemtv.com\/index.php?rest_route=\/wp\/v2\/posts\/42664\/revisions"}],"predecessor-version":[{"id":42666,"href":"https:\/\/www.egemtv.com\/index.php?rest_route=\/wp\/v2\/posts\/42664\/revisions\/42666"}],"wp:featuredmedia":[{"embeddable":true,"href":"https:\/\/www.egemtv.com\/index.php?rest_route=\/wp\/v2\/media\/42665"}],"wp:attachment":[{"href":"https:\/\/www.egemtv.com\/index.php?rest_route=%2Fwp%2Fv2%2Fmedia&parent=42664"}],"wp:term":[{"taxonomy":"category","embeddable":true,"href":"https:\/\/www.egemtv.com\/index.php?rest_route=%2Fwp%2Fv2%2Fcategories&post=42664"},{"taxonomy":"post_tag","embeddable":true,"href":"https:\/\/www.egemtv.com\/index.php?rest_route=%2Fwp%2Fv2%2Ftags&post=42664"}],"curies":[{"name":"wp","href":"https:\/\/api.w.org\/{rel}","templated":true}]}}