{"id":42595,"date":"2025-07-17T10:56:21","date_gmt":"2025-07-17T07:56:21","guid":{"rendered":"https:\/\/www.egemtv.com\/?p=42595"},"modified":"2025-07-17T10:56:24","modified_gmt":"2025-07-17T07:56:24","slug":"tavsanlida-trafik-kazasi-1-yarali-9","status":"publish","type":"post","link":"https:\/\/www.egemtv.com\/?p=42595","title":{"rendered":"Tav\u015fanl\u0131\u2019da trafik kazas\u0131, 1 yaral\u0131"},"content":{"rendered":"<p>K\u00fctahya\u2019n\u0131n Tav\u015fanl\u0131 il\u00e7esinde meydana gelen trafik kazas\u0131nda bir motosiklet s\u00fcr\u00fcc\u00fcs\u00fc yaraland\u0131.<br \/>\n<br \/>Kaza \u00c7ukurk\u00f6y Sanayi Sitesi i\u00e7erisinde meydana geldi. Edinilen bilgilere g\u00f6re \u0130.\u00d6. idaresindeki 43 ACP 601 plakal\u0131 otomobil, Sanayii Sitesi i\u00e7erisi 4.Sokak 7.Blok \u00f6n\u00fcne geldi\u011fi s\u0131rada H.A. idaresindeki 43 U 7614 motosiklet ile \u00e7arp\u0131\u015ft\u0131. Kaza ihbar\u0131 \u00fczerine belirtilen yere 112 acil servis ve polis ekipleri sevk edildi. Meydana gelen kazada motosiklet s\u00fcr\u00fcc\u00fcs\u00fc H.A. yaraland\u0131. Yaral\u0131 s\u00fcr\u00fcc\u00fc 112 Acil Servis ekiplerinin olay yerinde ilk m\u00fcdahalesinin ard\u0131ndan Tav\u015fanl\u0131 Do\u00e7. Dr. Mustafa Kalemli Devlet Hastanesine kald\u0131r\u0131ld\u0131.<br \/>\n<br \/>Kaza ile ilgili soru\u015fturma devam ediyor.<br \/><\/p>\n","protected":false},"excerpt":{"rendered":"<p>K\u00fctahya\u2019n\u0131n Tav\u015fanl\u0131 il\u00e7esinde meydana gelen trafik kazas\u0131nda bir motosiklet s\u00fcr\u00fcc\u00fcs\u00fc yaraland\u0131. Kaza \u00c7ukurk\u00f6y Sanayi Sitesi i\u00e7erisinde meydana geldi. Edinilen bilgilere g\u00f6re \u0130.\u00d6. idaresindeki 43 ACP 601 plakal\u0131 otomobil, Sanayii Sitesi i\u00e7erisi 4.Sokak 7.Blok \u00f6n\u00fcne geldi\u011fi s\u0131rada H.A. idaresindeki 43 U 7614 motosiklet ile \u00e7arp\u0131\u015ft\u0131. Kaza ihbar\u0131 \u00fczerine belirtilen yere 112 acil servis ve polis ekipleri&#8230;<\/p>\n","protected":false},"author":1,"featured_media":42596,"comment_status":"open","ping_status":"open","sticky":false,"template":"","format":"standard","meta":{"_crdt_document":"","footnotes":""},"categories":[5],"tags":[],"class_list":["post-42595","post","type-post","status-publish","format-standard","has-post-thumbnail","hentry","category-asayis"],"_links":{"self":[{"href":"https:\/\/www.egemtv.com\/index.php?rest_route=\/wp\/v2\/posts\/42595","targetHints":{"allow":["GET"]}}],"collection":[{"href":"https:\/\/www.egemtv.com\/index.php?rest_route=\/wp\/v2\/posts"}],"about":[{"href":"https:\/\/www.egemtv.com\/index.php?rest_route=\/wp\/v2\/types\/post"}],"author":[{"embeddable":true,"href":"https:\/\/www.egemtv.com\/index.php?rest_route=\/wp\/v2\/users\/1"}],"replies":[{"embeddable":true,"href":"https:\/\/www.egemtv.com\/index.php?rest_route=%2Fwp%2Fv2%2Fcomments&post=42595"}],"version-history":[{"count":1,"href":"https:\/\/www.egemtv.com\/index.php?rest_route=\/wp\/v2\/posts\/42595\/revisions"}],"predecessor-version":[{"id":42597,"href":"https:\/\/www.egemtv.com\/index.php?rest_route=\/wp\/v2\/posts\/42595\/revisions\/42597"}],"wp:featuredmedia":[{"embeddable":true,"href":"https:\/\/www.egemtv.com\/index.php?rest_route=\/wp\/v2\/media\/42596"}],"wp:attachment":[{"href":"https:\/\/www.egemtv.com\/index.php?rest_route=%2Fwp%2Fv2%2Fmedia&parent=42595"}],"wp:term":[{"taxonomy":"category","embeddable":true,"href":"https:\/\/www.egemtv.com\/index.php?rest_route=%2Fwp%2Fv2%2Fcategories&post=42595"},{"taxonomy":"post_tag","embeddable":true,"href":"https:\/\/www.egemtv.com\/index.php?rest_route=%2Fwp%2Fv2%2Ftags&post=42595"}],"curies":[{"name":"wp","href":"https:\/\/api.w.org\/{rel}","templated":true}]}}