{"id":42592,"date":"2025-07-17T10:56:16","date_gmt":"2025-07-17T07:56:16","guid":{"rendered":"https:\/\/www.egemtv.com\/?p=42592"},"modified":"2025-07-17T10:56:21","modified_gmt":"2025-07-17T07:56:21","slug":"otobanda-yaya-olarak-kacmaya-calisan-duzensiz-gocmen-yakalandi","status":"publish","type":"post","link":"https:\/\/www.egemtv.com\/?p=42592","title":{"rendered":"Otobanda yaya olarak ka\u00e7maya \u00e7al\u0131\u015fan d\u00fczensiz g\u00f6\u00e7men yakaland\u0131"},"content":{"rendered":"<p>Ayd\u0131n\u2019\u0131n Germencik il\u00e7esi Ayd\u0131n-\u0130zmir Otoyolu\u2019nda yaya olarak ka\u00e7maya \u00e7al\u0131\u015fan 1 d\u00fczensiz g\u00f6\u00e7men jandarma ekiplerince yakaland\u0131.<\/p>\n<p>H\u0131d\u0131rbeyli Otoyol Jandarma Karakol Komutanl\u0131\u011f\u0131 Otoyol \u00d6nleyici Timleri taraf\u0131ndan Ayd\u0131n-\u0130zmir Otoyolunda ger\u00e7ekle\u015ftirilen devriye faaliyetleri aral\u0131ks\u0131z s\u00fcr\u00fcyor. Bu \u00e7er\u00e7evede ekipler, devriye esnas\u0131nda otoyol kenar\u0131nda yaya olarak ko\u015fan bir ki\u015fiyi fark etti. Ekipleri fark eden \u015f\u00fcpheli, yaya olarak ka\u00e7maya \u00e7al\u0131\u015ft\u0131. K\u0131sa s\u00fcrede yakalanan \u015fahs\u0131n d\u00fczensiz g\u00f6\u00e7men oldu\u011fu tespit edildi. Yakalanarak g\u00f6zalt\u0131na al\u0131nan d\u00fczensiz g\u00f6\u00e7mene Yabanc\u0131lar ve Uluslararas\u0131 Koruma Kanunun 102\/1-a maddesi gere\u011fi \u00fclkeye yasad\u0131\u015f\u0131 girmekten 32 bin 864 TL idari para cezas\u0131 uyguland\u0131. Daha sonra d\u00fczensiz g\u00f6\u00e7men gerekli sa\u011fl\u0131k kontrolleri ve i\u015flemlerinin ard\u0131ndan G\u00d6KSEM\u2019e teslim edildi.<br \/><\/p>\n","protected":false},"excerpt":{"rendered":"<p>Ayd\u0131n\u2019\u0131n Germencik il\u00e7esi Ayd\u0131n-\u0130zmir Otoyolu\u2019nda yaya olarak ka\u00e7maya \u00e7al\u0131\u015fan 1 d\u00fczensiz g\u00f6\u00e7men jandarma ekiplerince yakaland\u0131. H\u0131d\u0131rbeyli Otoyol Jandarma Karakol Komutanl\u0131\u011f\u0131 Otoyol \u00d6nleyici Timleri taraf\u0131ndan Ayd\u0131n-\u0130zmir Otoyolunda ger\u00e7ekle\u015ftirilen devriye faaliyetleri aral\u0131ks\u0131z s\u00fcr\u00fcyor. Bu \u00e7er\u00e7evede ekipler, devriye esnas\u0131nda otoyol kenar\u0131nda yaya olarak ko\u015fan bir ki\u015fiyi fark etti. Ekipleri fark eden \u015f\u00fcpheli, yaya olarak ka\u00e7maya \u00e7al\u0131\u015ft\u0131. K\u0131sa s\u00fcrede&#8230;<\/p>\n","protected":false},"author":1,"featured_media":42593,"comment_status":"open","ping_status":"open","sticky":false,"template":"","format":"standard","meta":{"_crdt_document":"","footnotes":""},"categories":[5],"tags":[],"class_list":["post-42592","post","type-post","status-publish","format-standard","has-post-thumbnail","hentry","category-asayis"],"_links":{"self":[{"href":"https:\/\/www.egemtv.com\/index.php?rest_route=\/wp\/v2\/posts\/42592","targetHints":{"allow":["GET"]}}],"collection":[{"href":"https:\/\/www.egemtv.com\/index.php?rest_route=\/wp\/v2\/posts"}],"about":[{"href":"https:\/\/www.egemtv.com\/index.php?rest_route=\/wp\/v2\/types\/post"}],"author":[{"embeddable":true,"href":"https:\/\/www.egemtv.com\/index.php?rest_route=\/wp\/v2\/users\/1"}],"replies":[{"embeddable":true,"href":"https:\/\/www.egemtv.com\/index.php?rest_route=%2Fwp%2Fv2%2Fcomments&post=42592"}],"version-history":[{"count":1,"href":"https:\/\/www.egemtv.com\/index.php?rest_route=\/wp\/v2\/posts\/42592\/revisions"}],"predecessor-version":[{"id":42594,"href":"https:\/\/www.egemtv.com\/index.php?rest_route=\/wp\/v2\/posts\/42592\/revisions\/42594"}],"wp:featuredmedia":[{"embeddable":true,"href":"https:\/\/www.egemtv.com\/index.php?rest_route=\/wp\/v2\/media\/42593"}],"wp:attachment":[{"href":"https:\/\/www.egemtv.com\/index.php?rest_route=%2Fwp%2Fv2%2Fmedia&parent=42592"}],"wp:term":[{"taxonomy":"category","embeddable":true,"href":"https:\/\/www.egemtv.com\/index.php?rest_route=%2Fwp%2Fv2%2Fcategories&post=42592"},{"taxonomy":"post_tag","embeddable":true,"href":"https:\/\/www.egemtv.com\/index.php?rest_route=%2Fwp%2Fv2%2Ftags&post=42592"}],"curies":[{"name":"wp","href":"https:\/\/api.w.org\/{rel}","templated":true}]}}