{"id":42589,"date":"2025-07-17T10:37:08","date_gmt":"2025-07-17T07:37:08","guid":{"rendered":"https:\/\/www.egemtv.com\/?p=42589"},"modified":"2025-07-17T10:37:12","modified_gmt":"2025-07-17T07:37:12","slug":"calistigi-insaatin-8inci-katindan-dusen-isci-hayatini-kaybetti","status":"publish","type":"post","link":"https:\/\/www.egemtv.com\/?p=42589","title":{"rendered":"\u00c7al\u0131\u015ft\u0131\u011f\u0131 in\u015faat\u0131n 8\u2019inci kat\u0131ndan d\u00fc\u015fen i\u015f\u00e7i hayat\u0131n\u0131 kaybetti"},"content":{"rendered":"<p>Ayd\u0131n\u2019\u0131n Efeler il\u00e7esinde bir ki\u015fi \u00e7al\u0131\u015ft\u0131\u011f\u0131 in\u015faat\u0131n 8\u2019inci kat\u0131ndan \u00f6nce 4\u2019\u00fcnc\u00fc kattaki g\u00fcvenlik filesine oradan da beton zemine d\u00fc\u015fen i\u015f\u00e7i a\u011f\u0131r yaral\u0131 olarak kald\u0131r\u0131ld\u0131\u011f\u0131 hastanede hayat\u0131n\u0131 kaybetti.<\/p>\n<p>Olay, Zeybek Mahallesi 1583 sokak \u00fczerinde bulunan bir apartman in\u015faat\u0131nda 14 Temmuz Pazartesi g\u00fcn\u00fc saat 14.00 s\u0131ralar\u0131nda meydana geldi. Edinilen bilgiye g\u00f6re, in\u015faat\u0131n 8\u2019inci kat\u0131nda arkada\u015flar\u0131 ile birlikte \u00e7al\u0131\u015fan in\u015faat i\u015f\u00e7isi Necdet Y\u0131ld\u0131z (45) hen\u00fcz bilinmeyen bir nedenle dengesini kaybederek \u00e7al\u0131\u015fmakta oldu\u011fu 8\u2019inci kattan d\u00fc\u015ft\u00fc. \u00d6nce in\u015faat\u0131n 4.kattaki g\u00fcvenlik filesine d\u00fc\u015fen i\u015f\u00e7i, beraberinde demirlerin de d\u00fc\u015fmesi ile birlikte a\u011f\u0131rl\u0131k art\u0131p g\u00fcvenlik filesi deforme olunca buradan da beton zemine d\u00fc\u015ft\u00fc. Y\u0131ld\u0131z\u2019\u0131n d\u00fc\u015ft\u00fc\u011f\u00fcn\u00fc g\u00f6ren mesai arkada\u015flar\u0131 durumu 112 Acil \u00c7a\u011fr\u0131 Merkezi\u2019ne bildirdi. \u0130hbar \u00fczerine b\u00f6lgeye sa\u011fl\u0131k ve polis ekipleri sevk edildi. K\u0131sa s\u00fcrede olay yerine gelen sa\u011fl\u0131k ekipleri yaral\u0131 i\u015f\u00e7iye ilk m\u00fcdahaleyi yaparak ambulansla hastaneye kald\u0131rd\u0131. Hastanede tedavi alt\u0131na al\u0131nan i\u015f\u00e7i doktorlar\u0131n t\u00fcm \u00e7abalar\u0131na ra\u011fmen kurtar\u0131lamad\u0131. Hayat\u0131n\u0131 kaybeden Y\u0131ld\u0131z\u2019\u0131n \u00f6l\u00fcm haberi ailesi ba\u015fta olmak \u00fczere t\u00fcm sevenlerini yasa bo\u011fdu.<\/p>\n<p>Olayla ilgili soru\u015fturma s\u00fcr\u00fcyor.<br \/><\/p>\n","protected":false},"excerpt":{"rendered":"<p>Ayd\u0131n\u2019\u0131n Efeler il\u00e7esinde bir ki\u015fi \u00e7al\u0131\u015ft\u0131\u011f\u0131 in\u015faat\u0131n 8\u2019inci kat\u0131ndan \u00f6nce 4\u2019\u00fcnc\u00fc kattaki g\u00fcvenlik filesine oradan da beton zemine d\u00fc\u015fen i\u015f\u00e7i a\u011f\u0131r yaral\u0131 olarak kald\u0131r\u0131ld\u0131\u011f\u0131 hastanede hayat\u0131n\u0131 kaybetti. Olay, Zeybek Mahallesi 1583 sokak \u00fczerinde bulunan bir apartman in\u015faat\u0131nda 14 Temmuz Pazartesi g\u00fcn\u00fc saat 14.00 s\u0131ralar\u0131nda meydana geldi. Edinilen bilgiye g\u00f6re, in\u015faat\u0131n 8\u2019inci kat\u0131nda arkada\u015flar\u0131 ile birlikte&#8230;<\/p>\n","protected":false},"author":1,"featured_media":42590,"comment_status":"open","ping_status":"open","sticky":false,"template":"","format":"standard","meta":{"_crdt_document":"","footnotes":""},"categories":[5],"tags":[],"class_list":["post-42589","post","type-post","status-publish","format-standard","has-post-thumbnail","hentry","category-asayis"],"_links":{"self":[{"href":"https:\/\/www.egemtv.com\/index.php?rest_route=\/wp\/v2\/posts\/42589","targetHints":{"allow":["GET"]}}],"collection":[{"href":"https:\/\/www.egemtv.com\/index.php?rest_route=\/wp\/v2\/posts"}],"about":[{"href":"https:\/\/www.egemtv.com\/index.php?rest_route=\/wp\/v2\/types\/post"}],"author":[{"embeddable":true,"href":"https:\/\/www.egemtv.com\/index.php?rest_route=\/wp\/v2\/users\/1"}],"replies":[{"embeddable":true,"href":"https:\/\/www.egemtv.com\/index.php?rest_route=%2Fwp%2Fv2%2Fcomments&post=42589"}],"version-history":[{"count":1,"href":"https:\/\/www.egemtv.com\/index.php?rest_route=\/wp\/v2\/posts\/42589\/revisions"}],"predecessor-version":[{"id":42591,"href":"https:\/\/www.egemtv.com\/index.php?rest_route=\/wp\/v2\/posts\/42589\/revisions\/42591"}],"wp:featuredmedia":[{"embeddable":true,"href":"https:\/\/www.egemtv.com\/index.php?rest_route=\/wp\/v2\/media\/42590"}],"wp:attachment":[{"href":"https:\/\/www.egemtv.com\/index.php?rest_route=%2Fwp%2Fv2%2Fmedia&parent=42589"}],"wp:term":[{"taxonomy":"category","embeddable":true,"href":"https:\/\/www.egemtv.com\/index.php?rest_route=%2Fwp%2Fv2%2Fcategories&post=42589"},{"taxonomy":"post_tag","embeddable":true,"href":"https:\/\/www.egemtv.com\/index.php?rest_route=%2Fwp%2Fv2%2Ftags&post=42589"}],"curies":[{"name":"wp","href":"https:\/\/api.w.org\/{rel}","templated":true}]}}