{"id":42583,"date":"2025-07-17T10:36:58","date_gmt":"2025-07-17T07:36:58","guid":{"rendered":"https:\/\/www.egemtv.com\/?p=42583"},"modified":"2025-07-17T10:37:03","modified_gmt":"2025-07-17T07:37:03","slug":"kocarli-kaymakami-taskin-esnafin-sorunlarini-dinledi","status":"publish","type":"post","link":"https:\/\/www.egemtv.com\/?p=42583","title":{"rendered":"Ko\u00e7arl\u0131 Kaymakam\u0131 Ta\u015fk\u0131n esnaf\u0131n sorunlar\u0131n\u0131 dinledi"},"content":{"rendered":"<p>Ayd\u0131n\u2019\u0131n Ko\u00e7arl\u0131 il\u00e7esinde Kaymakam Ramazan Ta\u015fk\u0131n, esnaf ziyareti ger\u00e7ekle\u015ftirerek sorunlar\u0131 dinlerken, hay\u0131rl\u0131 i\u015fler dile\u011finde bulundu.<\/p>\n<p>Ko\u00e7arl\u0131 Kaymakam\u0131 Ramazan Ta\u015fk\u0131n\u2019\u0131n il\u00e7edeki esnaflar\u0131 ziyaret etti. \u0130l\u00e7e merkezindeki esnaf ziyaretlerinde vatanda\u015flarla sohbet eden Kaymakam Ta\u015fk\u0131n, esnafa bol ve bereketli kazan\u00e7lar diledi. \u0130l\u00e7ede y\u00fcr\u00fct\u00fclen \u00e7al\u0131\u015fmalarla ilgili genel de\u011ferlendirmelerde bulunan Ta\u015fk\u0131n, esnaf\u0131n talep ve \u00f6nerilerini dinledi. Vatanda\u015flarla da g\u00f6r\u00fc\u015fen Kaymakam Ta\u015fk\u0131n, kamu hizmetlerinin daha etkin sunulmas\u0131 ad\u0131na her zaman sahada olduklar\u0131n\u0131 ifade etti. Vatanda\u015flar\u0131n her zaman yan\u0131nda olduklar\u0131n\u0131 kaydeden Ta\u015fk\u0131n, devletin kap\u0131lar\u0131n\u0131n her zaman halka a\u00e7\u0131k oldu\u011funu vurgulad\u0131. Kamu hizmetlerinin en iyi \u015fekilde sunulmas\u0131 i\u00e7in t\u00fcm kurumlar\u0131n \u00f6zveriyle \u00e7al\u0131\u015ft\u0131\u011f\u0131n\u0131 belirten Ta\u015fk\u0131n, vatanda\u015f odakl\u0131 hizmet anlay\u0131\u015f\u0131n\u0131 s\u00fcrd\u00fcreceklerini dile getirdi.<br \/><\/p>\n","protected":false},"excerpt":{"rendered":"<p>Ayd\u0131n\u2019\u0131n Ko\u00e7arl\u0131 il\u00e7esinde Kaymakam Ramazan Ta\u015fk\u0131n, esnaf ziyareti ger\u00e7ekle\u015ftirerek sorunlar\u0131 dinlerken, hay\u0131rl\u0131 i\u015fler dile\u011finde bulundu. Ko\u00e7arl\u0131 Kaymakam\u0131 Ramazan Ta\u015fk\u0131n\u2019\u0131n il\u00e7edeki esnaflar\u0131 ziyaret etti. \u0130l\u00e7e merkezindeki esnaf ziyaretlerinde vatanda\u015flarla sohbet eden Kaymakam Ta\u015fk\u0131n, esnafa bol ve bereketli kazan\u00e7lar diledi. \u0130l\u00e7ede y\u00fcr\u00fct\u00fclen \u00e7al\u0131\u015fmalarla ilgili genel de\u011ferlendirmelerde bulunan Ta\u015fk\u0131n, esnaf\u0131n talep ve \u00f6nerilerini dinledi. Vatanda\u015flarla da g\u00f6r\u00fc\u015fen Kaymakam&#8230;<\/p>\n","protected":false},"author":1,"featured_media":42584,"comment_status":"open","ping_status":"open","sticky":false,"template":"","format":"standard","meta":{"_crdt_document":"","footnotes":""},"categories":[1],"tags":[],"class_list":["post-42583","post","type-post","status-publish","format-standard","has-post-thumbnail","hentry","category-guncel"],"_links":{"self":[{"href":"https:\/\/www.egemtv.com\/index.php?rest_route=\/wp\/v2\/posts\/42583","targetHints":{"allow":["GET"]}}],"collection":[{"href":"https:\/\/www.egemtv.com\/index.php?rest_route=\/wp\/v2\/posts"}],"about":[{"href":"https:\/\/www.egemtv.com\/index.php?rest_route=\/wp\/v2\/types\/post"}],"author":[{"embeddable":true,"href":"https:\/\/www.egemtv.com\/index.php?rest_route=\/wp\/v2\/users\/1"}],"replies":[{"embeddable":true,"href":"https:\/\/www.egemtv.com\/index.php?rest_route=%2Fwp%2Fv2%2Fcomments&post=42583"}],"version-history":[{"count":1,"href":"https:\/\/www.egemtv.com\/index.php?rest_route=\/wp\/v2\/posts\/42583\/revisions"}],"predecessor-version":[{"id":42585,"href":"https:\/\/www.egemtv.com\/index.php?rest_route=\/wp\/v2\/posts\/42583\/revisions\/42585"}],"wp:featuredmedia":[{"embeddable":true,"href":"https:\/\/www.egemtv.com\/index.php?rest_route=\/wp\/v2\/media\/42584"}],"wp:attachment":[{"href":"https:\/\/www.egemtv.com\/index.php?rest_route=%2Fwp%2Fv2%2Fmedia&parent=42583"}],"wp:term":[{"taxonomy":"category","embeddable":true,"href":"https:\/\/www.egemtv.com\/index.php?rest_route=%2Fwp%2Fv2%2Fcategories&post=42583"},{"taxonomy":"post_tag","embeddable":true,"href":"https:\/\/www.egemtv.com\/index.php?rest_route=%2Fwp%2Fv2%2Ftags&post=42583"}],"curies":[{"name":"wp","href":"https:\/\/api.w.org\/{rel}","templated":true}]}}