{"id":42580,"date":"2025-07-17T10:36:56","date_gmt":"2025-07-17T07:36:56","guid":{"rendered":"https:\/\/www.egemtv.com\/?p=42580"},"modified":"2025-07-17T10:36:58","modified_gmt":"2025-07-17T07:36:58","slug":"plakayi-kapatip-kirmizi-isikta-gecen-surucuye-7-bin-lira-ceza-kesildi","status":"publish","type":"post","link":"https:\/\/www.egemtv.com\/?p=42580","title":{"rendered":"Plakay\u0131 kapat\u0131p k\u0131rm\u0131z\u0131 \u0131\u015f\u0131kta ge\u00e7en s\u00fcr\u00fcc\u00fcye 7 bin lira ceza kesildi"},"content":{"rendered":"<p>Denizli\u2019nin Merkezefendi il\u00e7esinde k\u0131rm\u0131z\u0131 \u0131\u015f\u0131k ihlali yapan ve yakalanmamak i\u00e7in po\u015fetle plakas\u0131n\u0131 gizlemeye \u00e7al\u0131\u015fan motosiklet s\u00fcr\u00fcc\u00fcs\u00fcne 7 bin lira ceza kesildi.<\/p>\n<p>Denizli \u0130l Emniyet M\u00fcd\u00fcrl\u00fc\u011f\u00fc Trafik Denetleme \u015eube M\u00fcd\u00fcrl\u00fc\u011f\u00fc EDS Merkezi ekiplerince yap\u0131lan kamera incelemesi sonucunda;  Merkezefendi il\u00e7esinde seyir halinde olan beyaz renkli bir motosikletin, Ali Mar\u0131m Bulvar\u0131ndan 1009 Sokak kav\u015fa\u011f\u0131na do\u011fru ilerlerken k\u0131rm\u0131z\u0131 \u0131\u015f\u0131k ihlali yapt\u0131\u011f\u0131, s\u00fcr\u00fcc\u00fcs\u00fcn\u00fcn kask takmad\u0131\u011f\u0131 ve g\u00f6r\u00fcnt\u00fc kayd\u0131n\u0131n al\u0131nmas\u0131n\u0131 engellemek amac\u0131yla plakay\u0131 kapatt\u0131\u011f\u0131 tespit edildi.<\/p>\n<p>Motosikletteki yolcunun elindeki po\u015fetle gizlemeye \u00e7al\u0131\u015fmas\u0131na ra\u011fmen tespit edilen s\u00fcr\u00fcc\u00fcye, trafik g\u00fcvenli\u011fini tehlikeye atan bu davran\u0131\u015f nedeniyle 2918 say\u0131l\u0131 Karayollar\u0131 Trafik Kanunu\u2019nun \u00e7e\u015fitli maddeleri uyar\u0131nca toplam 6 bin 969 TL idari para cezas\u0131 uyguland\u0131.<br \/><\/p>\n","protected":false},"excerpt":{"rendered":"<p>Denizli\u2019nin Merkezefendi il\u00e7esinde k\u0131rm\u0131z\u0131 \u0131\u015f\u0131k ihlali yapan ve yakalanmamak i\u00e7in po\u015fetle plakas\u0131n\u0131 gizlemeye \u00e7al\u0131\u015fan motosiklet s\u00fcr\u00fcc\u00fcs\u00fcne 7 bin lira ceza kesildi. Denizli \u0130l Emniyet M\u00fcd\u00fcrl\u00fc\u011f\u00fc Trafik Denetleme \u015eube M\u00fcd\u00fcrl\u00fc\u011f\u00fc EDS Merkezi ekiplerince yap\u0131lan kamera incelemesi sonucunda; Merkezefendi il\u00e7esinde seyir halinde olan beyaz renkli bir motosikletin, Ali Mar\u0131m Bulvar\u0131ndan 1009 Sokak kav\u015fa\u011f\u0131na do\u011fru ilerlerken k\u0131rm\u0131z\u0131 \u0131\u015f\u0131k&#8230;<\/p>\n","protected":false},"author":1,"featured_media":42581,"comment_status":"open","ping_status":"open","sticky":false,"template":"","format":"standard","meta":{"_crdt_document":"","footnotes":""},"categories":[5],"tags":[],"class_list":["post-42580","post","type-post","status-publish","format-standard","has-post-thumbnail","hentry","category-asayis"],"_links":{"self":[{"href":"https:\/\/www.egemtv.com\/index.php?rest_route=\/wp\/v2\/posts\/42580","targetHints":{"allow":["GET"]}}],"collection":[{"href":"https:\/\/www.egemtv.com\/index.php?rest_route=\/wp\/v2\/posts"}],"about":[{"href":"https:\/\/www.egemtv.com\/index.php?rest_route=\/wp\/v2\/types\/post"}],"author":[{"embeddable":true,"href":"https:\/\/www.egemtv.com\/index.php?rest_route=\/wp\/v2\/users\/1"}],"replies":[{"embeddable":true,"href":"https:\/\/www.egemtv.com\/index.php?rest_route=%2Fwp%2Fv2%2Fcomments&post=42580"}],"version-history":[{"count":1,"href":"https:\/\/www.egemtv.com\/index.php?rest_route=\/wp\/v2\/posts\/42580\/revisions"}],"predecessor-version":[{"id":42582,"href":"https:\/\/www.egemtv.com\/index.php?rest_route=\/wp\/v2\/posts\/42580\/revisions\/42582"}],"wp:featuredmedia":[{"embeddable":true,"href":"https:\/\/www.egemtv.com\/index.php?rest_route=\/wp\/v2\/media\/42581"}],"wp:attachment":[{"href":"https:\/\/www.egemtv.com\/index.php?rest_route=%2Fwp%2Fv2%2Fmedia&parent=42580"}],"wp:term":[{"taxonomy":"category","embeddable":true,"href":"https:\/\/www.egemtv.com\/index.php?rest_route=%2Fwp%2Fv2%2Fcategories&post=42580"},{"taxonomy":"post_tag","embeddable":true,"href":"https:\/\/www.egemtv.com\/index.php?rest_route=%2Fwp%2Fv2%2Ftags&post=42580"}],"curies":[{"name":"wp","href":"https:\/\/api.w.org\/{rel}","templated":true}]}}