{"id":42577,"date":"2025-07-17T10:16:33","date_gmt":"2025-07-17T07:16:33","guid":{"rendered":"https:\/\/www.egemtv.com\/?p=42577"},"modified":"2025-07-17T10:16:37","modified_gmt":"2025-07-17T07:16:37","slug":"sokede-kucukbas-hayvanlar-kupelendi","status":"publish","type":"post","link":"https:\/\/www.egemtv.com\/?p=42577","title":{"rendered":"S\u00f6ke\u2019de k\u00fc\u00e7\u00fckba\u015f hayvanlar k\u00fcpelendi"},"content":{"rendered":"<p>Ayd\u0131n\u2019\u0131n S\u00f6ke il\u00e7esinde sahaya inen il\u00e7e tar\u0131m ekipleri, k\u00fc\u00e7\u00fckba\u015f hayvanlara y\u00f6nelik k\u00fcpeleme ve a\u015f\u0131lama \u00e7al\u0131\u015fmas\u0131 ger\u00e7ekle\u015ftirdi.<\/p>\n<p>\u00dclke genelinde oldu\u011fu gibi Ayd\u0131n\u2019da il ve il\u00e7e tar\u0131m ve orman m\u00fcd\u00fcrl\u00fcklerinde g\u00f6rev yapan teknik personeller, \u015fap hastal\u0131\u011f\u0131 ba\u015fta olmak \u00fczere hastal\u0131klara kar\u015f\u0131 \u00e7al\u0131\u015fmalar\u0131na aral\u0131ks\u0131z devam ediyor. Bu kapsamda S\u00f6ke il\u00e7esinde sahaya inen il\u00e7e tar\u0131m ekipleri k\u00fc\u00e7\u00fckba\u015f hayvanlara y\u00f6nelik a\u015f\u0131lama ve k\u00fcpeleme \u00e7al\u0131\u015fmas\u0131 ger\u00e7ekle\u015ftirdi. A\u011fa\u00e7l\u0131 Mahallesi\u2019nde ah\u0131r ah\u0131r gezerek \u00fcreticileri bilgilendiren ekipler, k\u00fc\u00e7\u00fckba\u015f hayvanlar\u0131n da a\u015f\u0131lamas\u0131n\u0131 yap\u0131yor. Ba\u015flat\u0131lan \u00e7al\u0131\u015fmalar \u00e7er\u00e7evesinde bir yandan da k\u00fcpeleme \u00e7al\u0131\u015fmas\u0131 ger\u00e7ekle\u015ftirildi. \u00c7al\u0131\u015fmalar\u0131n il\u00e7e genelinde aral\u0131ks\u0131z devam edece\u011fi \u00f6\u011frenildi.<br \/>\n<br \/>S\u00f6ke \u0130l\u00e7e Tar\u0131m ve Orman M\u00fcd\u00fcrl\u00fc\u011f\u00fc\u2019nden yap\u0131lan a\u00e7\u0131klamada &#8220;A\u011fa\u00e7l\u0131da bulunan k\u00fc\u00e7\u00fckba\u015f i\u015fletmesinde hayvanlar\u0131n sa\u011fl\u0131k kontrolleri yap\u0131ld\u0131. Hayvanlar k\u00fcpelenerek, a\u015f\u0131lamalar\u0131 tamamland\u0131&#8221; ifadeleri yer ald\u0131.<br \/><\/p>\n","protected":false},"excerpt":{"rendered":"<p>Ayd\u0131n\u2019\u0131n S\u00f6ke il\u00e7esinde sahaya inen il\u00e7e tar\u0131m ekipleri, k\u00fc\u00e7\u00fckba\u015f hayvanlara y\u00f6nelik k\u00fcpeleme ve a\u015f\u0131lama \u00e7al\u0131\u015fmas\u0131 ger\u00e7ekle\u015ftirdi. \u00dclke genelinde oldu\u011fu gibi Ayd\u0131n\u2019da il ve il\u00e7e tar\u0131m ve orman m\u00fcd\u00fcrl\u00fcklerinde g\u00f6rev yapan teknik personeller, \u015fap hastal\u0131\u011f\u0131 ba\u015fta olmak \u00fczere hastal\u0131klara kar\u015f\u0131 \u00e7al\u0131\u015fmalar\u0131na aral\u0131ks\u0131z devam ediyor. Bu kapsamda S\u00f6ke il\u00e7esinde sahaya inen il\u00e7e tar\u0131m ekipleri k\u00fc\u00e7\u00fckba\u015f hayvanlara y\u00f6nelik&#8230;<\/p>\n","protected":false},"author":1,"featured_media":42578,"comment_status":"open","ping_status":"open","sticky":false,"template":"","format":"standard","meta":{"_crdt_document":"","footnotes":""},"categories":[1],"tags":[],"class_list":["post-42577","post","type-post","status-publish","format-standard","has-post-thumbnail","hentry","category-guncel"],"_links":{"self":[{"href":"https:\/\/www.egemtv.com\/index.php?rest_route=\/wp\/v2\/posts\/42577","targetHints":{"allow":["GET"]}}],"collection":[{"href":"https:\/\/www.egemtv.com\/index.php?rest_route=\/wp\/v2\/posts"}],"about":[{"href":"https:\/\/www.egemtv.com\/index.php?rest_route=\/wp\/v2\/types\/post"}],"author":[{"embeddable":true,"href":"https:\/\/www.egemtv.com\/index.php?rest_route=\/wp\/v2\/users\/1"}],"replies":[{"embeddable":true,"href":"https:\/\/www.egemtv.com\/index.php?rest_route=%2Fwp%2Fv2%2Fcomments&post=42577"}],"version-history":[{"count":1,"href":"https:\/\/www.egemtv.com\/index.php?rest_route=\/wp\/v2\/posts\/42577\/revisions"}],"predecessor-version":[{"id":42579,"href":"https:\/\/www.egemtv.com\/index.php?rest_route=\/wp\/v2\/posts\/42577\/revisions\/42579"}],"wp:featuredmedia":[{"embeddable":true,"href":"https:\/\/www.egemtv.com\/index.php?rest_route=\/wp\/v2\/media\/42578"}],"wp:attachment":[{"href":"https:\/\/www.egemtv.com\/index.php?rest_route=%2Fwp%2Fv2%2Fmedia&parent=42577"}],"wp:term":[{"taxonomy":"category","embeddable":true,"href":"https:\/\/www.egemtv.com\/index.php?rest_route=%2Fwp%2Fv2%2Fcategories&post=42577"},{"taxonomy":"post_tag","embeddable":true,"href":"https:\/\/www.egemtv.com\/index.php?rest_route=%2Fwp%2Fv2%2Ftags&post=42577"}],"curies":[{"name":"wp","href":"https:\/\/api.w.org\/{rel}","templated":true}]}}