{"id":42574,"date":"2025-07-17T09:57:06","date_gmt":"2025-07-17T06:57:06","guid":{"rendered":"https:\/\/www.egemtv.com\/?p=42574"},"modified":"2025-07-17T09:57:12","modified_gmt":"2025-07-17T06:57:12","slug":"baglarda-uzum-sezonu-heyecani-basladi","status":"publish","type":"post","link":"https:\/\/www.egemtv.com\/?p=42574","title":{"rendered":"Ba\u011flarda \u00fcz\u00fcm sezonu heyecan\u0131 ba\u015flad\u0131"},"content":{"rendered":"<p>Manisa\u2019n\u0131n Sar\u0131g\u00f6l il\u00e7esinde erkenci \u00fcz\u00fcm sezonunun a\u00e7\u0131lmas\u0131yla birlikte ba\u011flarda hareketlilik ba\u015flad\u0131. Sezon; \u00fcreticiler, sat\u0131c\u0131lar, al\u0131c\u0131lar, tar\u0131m i\u015f\u00e7ileri ve nakliye firmalar\u0131 i\u00e7in heyecan verici bir d\u00f6nemin ba\u015flang\u0131c\u0131 oldu.<br \/>\n<br \/>15 Temmuz itibar\u0131yla kesimine ba\u015flanan, 16 Temmuz\u2019dan itibaren ise ihracata g\u00f6nderilen S\u00fcperiol ve Trakya \u0130lkeren cinsi erkenci \u00fcz\u00fcmlerle birlikte piyasada b\u00fcy\u00fck bir canl\u0131l\u0131k ya\u015fan\u0131yor. \u00dcz\u00fcm kesimlerinin ba\u015flamas\u0131yla birlikte tar\u0131m i\u015f\u00e7ileri i\u00e7in de yeni bir kazan\u00e7 kap\u0131s\u0131 aralanm\u0131\u015f oldu. \u0130\u015f\u00e7iler, bir yandan \u00f6rt\u00fc i\u015flerini s\u00fcrd\u00fcr\u00fcrken, di\u011fer yandan \u00fcz\u00fcm kesimlerine ba\u015flad\u0131klar\u0131n\u0131 ve sezon sonuna kadar i\u015f bulma s\u0131k\u0131nt\u0131s\u0131 ya\u015famayacaklar\u0131n\u0131 belirtti.<br \/>\n<br \/>Sar\u0131g\u00f6l Ziraat Odas\u0131 yetkilileri, tar\u0131m i\u015f\u00e7isi \u00fccretlerinin ge\u00e7ti\u011fimiz y\u0131l belirlenen fiyatlar \u00fczerinden devam edece\u011fini, bu sezon i\u00e7in belirlenecek yeni \u00fccretler a\u00e7\u0131klanana kadar eski tarifelerin ge\u00e7erli olaca\u011f\u0131n\u0131 ifade etti.<br \/>\n<br \/>Sar\u0131g\u00f6l ve \u00e7evresindeki erkenci \u00fcz\u00fcm hasad\u0131n\u0131n temmuz ay\u0131 sonuna kadar tamamlanmas\u0131 beklenirken, ya\u015f erkenci \u00fcz\u00fcm fiyatlar\u0131n\u0131n ise 50-60 TL band\u0131nda seyretti\u011fi belirtildi.<br \/><\/p>\n","protected":false},"excerpt":{"rendered":"<p>Manisa\u2019n\u0131n Sar\u0131g\u00f6l il\u00e7esinde erkenci \u00fcz\u00fcm sezonunun a\u00e7\u0131lmas\u0131yla birlikte ba\u011flarda hareketlilik ba\u015flad\u0131. Sezon; \u00fcreticiler, sat\u0131c\u0131lar, al\u0131c\u0131lar, tar\u0131m i\u015f\u00e7ileri ve nakliye firmalar\u0131 i\u00e7in heyecan verici bir d\u00f6nemin ba\u015flang\u0131c\u0131 oldu. 15 Temmuz itibar\u0131yla kesimine ba\u015flanan, 16 Temmuz\u2019dan itibaren ise ihracata g\u00f6nderilen S\u00fcperiol ve Trakya \u0130lkeren cinsi erkenci \u00fcz\u00fcmlerle birlikte piyasada b\u00fcy\u00fck bir canl\u0131l\u0131k ya\u015fan\u0131yor. \u00dcz\u00fcm kesimlerinin ba\u015flamas\u0131yla birlikte&#8230;<\/p>\n","protected":false},"author":1,"featured_media":42575,"comment_status":"open","ping_status":"open","sticky":false,"template":"","format":"standard","meta":{"_crdt_document":"","footnotes":""},"categories":[125],"tags":[],"class_list":["post-42574","post","type-post","status-publish","format-standard","has-post-thumbnail","hentry","category-ekonomi"],"_links":{"self":[{"href":"https:\/\/www.egemtv.com\/index.php?rest_route=\/wp\/v2\/posts\/42574","targetHints":{"allow":["GET"]}}],"collection":[{"href":"https:\/\/www.egemtv.com\/index.php?rest_route=\/wp\/v2\/posts"}],"about":[{"href":"https:\/\/www.egemtv.com\/index.php?rest_route=\/wp\/v2\/types\/post"}],"author":[{"embeddable":true,"href":"https:\/\/www.egemtv.com\/index.php?rest_route=\/wp\/v2\/users\/1"}],"replies":[{"embeddable":true,"href":"https:\/\/www.egemtv.com\/index.php?rest_route=%2Fwp%2Fv2%2Fcomments&post=42574"}],"version-history":[{"count":1,"href":"https:\/\/www.egemtv.com\/index.php?rest_route=\/wp\/v2\/posts\/42574\/revisions"}],"predecessor-version":[{"id":42576,"href":"https:\/\/www.egemtv.com\/index.php?rest_route=\/wp\/v2\/posts\/42574\/revisions\/42576"}],"wp:featuredmedia":[{"embeddable":true,"href":"https:\/\/www.egemtv.com\/index.php?rest_route=\/wp\/v2\/media\/42575"}],"wp:attachment":[{"href":"https:\/\/www.egemtv.com\/index.php?rest_route=%2Fwp%2Fv2%2Fmedia&parent=42574"}],"wp:term":[{"taxonomy":"category","embeddable":true,"href":"https:\/\/www.egemtv.com\/index.php?rest_route=%2Fwp%2Fv2%2Fcategories&post=42574"},{"taxonomy":"post_tag","embeddable":true,"href":"https:\/\/www.egemtv.com\/index.php?rest_route=%2Fwp%2Fv2%2Ftags&post=42574"}],"curies":[{"name":"wp","href":"https:\/\/api.w.org\/{rel}","templated":true}]}}