{"id":42571,"date":"2025-07-17T09:57:00","date_gmt":"2025-07-17T06:57:00","guid":{"rendered":"https:\/\/www.egemtv.com\/?p=42571"},"modified":"2025-07-17T09:57:06","modified_gmt":"2025-07-17T06:57:06","slug":"kuran-kursu-ogrencileri-cocuk-senligi-ile-eglendi","status":"publish","type":"post","link":"https:\/\/www.egemtv.com\/?p=42571","title":{"rendered":"Kur\u2019an kursu \u00f6\u011frencileri \u00e7ocuk \u015fenli\u011fi ile e\u011flendi"},"content":{"rendered":"<p>Manisa\u2019n\u0131n Selendi \u0130l\u00e7e M\u00fcft\u00fcl\u00fc\u011f\u00fc taraf\u0131ndan &#8220;Yaz\u0131mda Kur\u2019an Var&#8221; temal\u0131 \u00c7ocuk Oyunlar\u0131 \u015eenli\u011fi ger\u00e7ekle\u015ftirildi.<br \/>\n<br \/>Selendi \u0130l\u00e7e M\u00fcft\u00fcl\u00fc\u011f\u00fcne ba\u011fl\u0131 yaz Kur\u2019an kurslar\u0131nda e\u011fitim-\u00f6\u011fretim g\u00f6ren \u00f6\u011frencilere y\u00f6nelik Manisa \u0130l M\u00fcft\u00fcl\u00fc\u011f\u00fc gen\u00e7lik koordinat\u00f6rl\u00fc\u011f\u00fc oyun ekipleri taraf\u0131ndan Merkez Yeni Camide \u2019Yaz\u0131mda Kur\u2019an Var\u2019 temal\u0131 \u00e7ocuk oyunlar\u0131 \u015fenli\u011fi d\u00fczenlendi.<br \/>\n<br \/>\u00c7e\u015fitli oyunlar\u0131n ve yar\u0131\u015fmalar\u0131n sergilendi\u011fi \u015fenli\u011fe il\u00e7e merkezindeki Yaz Kur\u2019an Kurslar\u0131ndaki \u00f6\u011frenciler ve hocalar\u0131 kat\u0131ld\u0131. \u015eenli\u011fin a\u00e7\u0131l\u0131\u015f konu\u015fmas\u0131n\u0131 yapan \u0130l\u00e7e M\u00fcft\u00fcs\u00fc Dervi\u015f Makas,  \u00f6\u011frencilere ve onlar\u0131 e\u011flendirmek i\u00e7in il\u00e7eyi ziyaret eden ekibe te\u015fekk\u00fcrlerini ifade etti. M\u00fcft\u00fc Makas, &#8220;\u015eenlikte \u00f6\u011frencilere Kur\u2019an-\u0131 Kerim dersleri, talim ve tecvid e\u011fitimi, at\u00f6lye etkinlikleri, k\u00fclt\u00fcrel ve sportif faaliyetler yer ald\u0131.&#8221; dedi.<br \/><\/p>\n","protected":false},"excerpt":{"rendered":"<p>Manisa\u2019n\u0131n Selendi \u0130l\u00e7e M\u00fcft\u00fcl\u00fc\u011f\u00fc taraf\u0131ndan &#8220;Yaz\u0131mda Kur\u2019an Var&#8221; temal\u0131 \u00c7ocuk Oyunlar\u0131 \u015eenli\u011fi ger\u00e7ekle\u015ftirildi. Selendi \u0130l\u00e7e M\u00fcft\u00fcl\u00fc\u011f\u00fcne ba\u011fl\u0131 yaz Kur\u2019an kurslar\u0131nda e\u011fitim-\u00f6\u011fretim g\u00f6ren \u00f6\u011frencilere y\u00f6nelik Manisa \u0130l M\u00fcft\u00fcl\u00fc\u011f\u00fc gen\u00e7lik koordinat\u00f6rl\u00fc\u011f\u00fc oyun ekipleri taraf\u0131ndan Merkez Yeni Camide \u2019Yaz\u0131mda Kur\u2019an Var\u2019 temal\u0131 \u00e7ocuk oyunlar\u0131 \u015fenli\u011fi d\u00fczenlendi. \u00c7e\u015fitli oyunlar\u0131n ve yar\u0131\u015fmalar\u0131n sergilendi\u011fi \u015fenli\u011fe il\u00e7e merkezindeki Yaz Kur\u2019an Kurslar\u0131ndaki \u00f6\u011frenciler&#8230;<\/p>\n","protected":false},"author":1,"featured_media":42572,"comment_status":"open","ping_status":"open","sticky":false,"template":"","format":"standard","meta":{"_crdt_document":"","footnotes":""},"categories":[1],"tags":[],"class_list":["post-42571","post","type-post","status-publish","format-standard","has-post-thumbnail","hentry","category-guncel"],"_links":{"self":[{"href":"https:\/\/www.egemtv.com\/index.php?rest_route=\/wp\/v2\/posts\/42571","targetHints":{"allow":["GET"]}}],"collection":[{"href":"https:\/\/www.egemtv.com\/index.php?rest_route=\/wp\/v2\/posts"}],"about":[{"href":"https:\/\/www.egemtv.com\/index.php?rest_route=\/wp\/v2\/types\/post"}],"author":[{"embeddable":true,"href":"https:\/\/www.egemtv.com\/index.php?rest_route=\/wp\/v2\/users\/1"}],"replies":[{"embeddable":true,"href":"https:\/\/www.egemtv.com\/index.php?rest_route=%2Fwp%2Fv2%2Fcomments&post=42571"}],"version-history":[{"count":1,"href":"https:\/\/www.egemtv.com\/index.php?rest_route=\/wp\/v2\/posts\/42571\/revisions"}],"predecessor-version":[{"id":42573,"href":"https:\/\/www.egemtv.com\/index.php?rest_route=\/wp\/v2\/posts\/42571\/revisions\/42573"}],"wp:featuredmedia":[{"embeddable":true,"href":"https:\/\/www.egemtv.com\/index.php?rest_route=\/wp\/v2\/media\/42572"}],"wp:attachment":[{"href":"https:\/\/www.egemtv.com\/index.php?rest_route=%2Fwp%2Fv2%2Fmedia&parent=42571"}],"wp:term":[{"taxonomy":"category","embeddable":true,"href":"https:\/\/www.egemtv.com\/index.php?rest_route=%2Fwp%2Fv2%2Fcategories&post=42571"},{"taxonomy":"post_tag","embeddable":true,"href":"https:\/\/www.egemtv.com\/index.php?rest_route=%2Fwp%2Fv2%2Ftags&post=42571"}],"curies":[{"name":"wp","href":"https:\/\/api.w.org\/{rel}","templated":true}]}}