{"id":42568,"date":"2025-07-17T09:56:56","date_gmt":"2025-07-17T06:56:56","guid":{"rendered":"https:\/\/www.egemtv.com\/?p=42568"},"modified":"2025-07-17T09:57:00","modified_gmt":"2025-07-17T06:57:00","slug":"sarigolde-ilk-kez-okculuk-kursu-acildi","status":"publish","type":"post","link":"https:\/\/www.egemtv.com\/?p=42568","title":{"rendered":"Sar\u0131g\u00f6l\u2019de ilk kez ok\u00e7uluk kursu a\u00e7\u0131ld\u0131"},"content":{"rendered":"<p>Manisa\u2019n\u0131n Sar\u0131g\u00f6l il\u00e7esinde Gen\u00e7lik ve Spor \u0130l\u00e7e M\u00fcd\u00fcrl\u00fc\u011f\u00fc taraf\u0131ndan a\u00e7\u0131lan yaz d\u00f6nemi ok\u00e7uluk kursu, yo\u011fun ilgi g\u00f6r\u00fcyor.<br \/>\n<br \/>Sar\u0131g\u00f6l Gen\u00e7lik ve Spor \u0130l\u00e7e M\u00fcd\u00fcrl\u00fc\u011f\u00fc\u2019ne ait kapal\u0131 spor salonunda d\u00fczenlenen kurslara kat\u0131lan \u00f6\u011frenciler, ata sporu ok\u00e7ulu\u011fu \u00f6\u011frenmenin heyecan\u0131n\u0131 ya\u015f\u0131yor. Kursiyerler haftada d\u00f6rt saat e\u011fitim alarak ok\u00e7ulukla tan\u0131\u015f\u0131yor.<br \/>\n<br \/>Kursun antren\u00f6rl\u00fc\u011f\u00fcn\u00fc yapan Hakan Kuruca, ok\u00e7ulu\u011fun geleneksel bir T\u00fcrk sporu oldu\u011funu hat\u0131rlatarak, &#8220;Kursumuza \u015fu an 20 \u00f6\u011frenci kat\u0131l\u0131yor. Haftada d\u00f6rt saatlik derslerle ok\u00e7uluk sporunun temel tekniklerini \u00f6\u011fretiyoruz. Kurslar\u0131m\u0131z okullar a\u00e7\u0131lana kadar devam edecek. \u00d6\u011frencilerin ilgisi olduk\u00e7a y\u00fcksek, bu da bizi memnun ediyor.&#8221; dedi.<br \/>\n<br \/>Sar\u0131g\u00f6l Gen\u00e7lik ve Spor \u0130l\u00e7e M\u00fcd\u00fcr\u00fc G\u00f6khan Y\u0131ld\u0131r\u0131m da il\u00e7ede bir\u00e7ok bran\u015fta yaz spor kursu a\u00e7t\u0131klar\u0131n\u0131 belirterek, &#8220;Amac\u0131m\u0131z gen\u00e7lerimizi spora y\u00f6nlendirmek, onlar\u0131 sa\u011fl\u0131kl\u0131 bir ya\u015fam tarz\u0131na te\u015fvik etmek ve gelecekte il\u00e7emizden ba\u015far\u0131l\u0131 sporcular\u0131n \u00e7\u0131kmas\u0131n\u0131 sa\u011flamak. Yaz d\u00f6neminde spor salonlar\u0131m\u0131z ve sahalar\u0131m\u0131z gen\u00e7lerle dolup ta\u015f\u0131yor. Bu da bizi mutlu ediyor.&#8221; ifadelerini kulland\u0131.<br \/><\/p>\n","protected":false},"excerpt":{"rendered":"<p>Manisa\u2019n\u0131n Sar\u0131g\u00f6l il\u00e7esinde Gen\u00e7lik ve Spor \u0130l\u00e7e M\u00fcd\u00fcrl\u00fc\u011f\u00fc taraf\u0131ndan a\u00e7\u0131lan yaz d\u00f6nemi ok\u00e7uluk kursu, yo\u011fun ilgi g\u00f6r\u00fcyor. Sar\u0131g\u00f6l Gen\u00e7lik ve Spor \u0130l\u00e7e M\u00fcd\u00fcrl\u00fc\u011f\u00fc\u2019ne ait kapal\u0131 spor salonunda d\u00fczenlenen kurslara kat\u0131lan \u00f6\u011frenciler, ata sporu ok\u00e7ulu\u011fu \u00f6\u011frenmenin heyecan\u0131n\u0131 ya\u015f\u0131yor. Kursiyerler haftada d\u00f6rt saat e\u011fitim alarak ok\u00e7ulukla tan\u0131\u015f\u0131yor. Kursun antren\u00f6rl\u00fc\u011f\u00fcn\u00fc yapan Hakan Kuruca, ok\u00e7ulu\u011fun geleneksel bir T\u00fcrk sporu&#8230;<\/p>\n","protected":false},"author":1,"featured_media":42569,"comment_status":"open","ping_status":"open","sticky":false,"template":"","format":"standard","meta":{"_crdt_document":"","footnotes":""},"categories":[4],"tags":[],"class_list":["post-42568","post","type-post","status-publish","format-standard","has-post-thumbnail","hentry","category-spor"],"_links":{"self":[{"href":"https:\/\/www.egemtv.com\/index.php?rest_route=\/wp\/v2\/posts\/42568","targetHints":{"allow":["GET"]}}],"collection":[{"href":"https:\/\/www.egemtv.com\/index.php?rest_route=\/wp\/v2\/posts"}],"about":[{"href":"https:\/\/www.egemtv.com\/index.php?rest_route=\/wp\/v2\/types\/post"}],"author":[{"embeddable":true,"href":"https:\/\/www.egemtv.com\/index.php?rest_route=\/wp\/v2\/users\/1"}],"replies":[{"embeddable":true,"href":"https:\/\/www.egemtv.com\/index.php?rest_route=%2Fwp%2Fv2%2Fcomments&post=42568"}],"version-history":[{"count":1,"href":"https:\/\/www.egemtv.com\/index.php?rest_route=\/wp\/v2\/posts\/42568\/revisions"}],"predecessor-version":[{"id":42570,"href":"https:\/\/www.egemtv.com\/index.php?rest_route=\/wp\/v2\/posts\/42568\/revisions\/42570"}],"wp:featuredmedia":[{"embeddable":true,"href":"https:\/\/www.egemtv.com\/index.php?rest_route=\/wp\/v2\/media\/42569"}],"wp:attachment":[{"href":"https:\/\/www.egemtv.com\/index.php?rest_route=%2Fwp%2Fv2%2Fmedia&parent=42568"}],"wp:term":[{"taxonomy":"category","embeddable":true,"href":"https:\/\/www.egemtv.com\/index.php?rest_route=%2Fwp%2Fv2%2Fcategories&post=42568"},{"taxonomy":"post_tag","embeddable":true,"href":"https:\/\/www.egemtv.com\/index.php?rest_route=%2Fwp%2Fv2%2Ftags&post=42568"}],"curies":[{"name":"wp","href":"https:\/\/api.w.org\/{rel}","templated":true}]}}