{"id":42502,"date":"2025-07-16T18:20:49","date_gmt":"2025-07-16T15:20:49","guid":{"rendered":"https:\/\/www.egemtv.com\/?p=42502"},"modified":"2025-07-16T18:20:54","modified_gmt":"2025-07-16T15:20:54","slug":"yatagan-yangini-kontrol-altinda","status":"publish","type":"post","link":"https:\/\/www.egemtv.com\/?p=42502","title":{"rendered":"Yata\u011fan yang\u0131n\u0131 kontrol alt\u0131nda"},"content":{"rendered":"<p>Mu\u011fla\u2019n\u0131n Yata\u011fan il\u00e7esi Nebik\u00f6y Mahallesi Dipsiz mevkiinde ba\u015flayan orman yang\u0131n\u0131 orman ekiplerinin havadan ve karadan m\u00fcdahalesi ile kontrol alt\u0131na al\u0131nd\u0131.<br \/>\n<br \/>Y\u0131ld\u0131r\u0131m d\u00fc\u015fmesi sonucu \u00e7\u0131kt\u0131\u011f\u0131 tahmin edilen Yata\u011fan Dipsiz mevkiinde yang\u0131na Mu\u011fla Orman B\u00f6lge M\u00fcd\u00fcrl\u00fc\u011f\u00fc ekipleri havadan ve karadan m\u00fcdahale etti. K\u0131sa s\u00fcrede \u00f6n\u00fc kesilen alevler sonras\u0131 yang\u0131n kontrol alt\u0131na al\u0131nd\u0131. Tamamen s\u00f6nd\u00fcr\u00fclmesi i\u00e7in ekiplerin \u00e7al\u0131\u015fmas\u0131 devam ediyor.<br \/><\/p>\n","protected":false},"excerpt":{"rendered":"<p>Mu\u011fla\u2019n\u0131n Yata\u011fan il\u00e7esi Nebik\u00f6y Mahallesi Dipsiz mevkiinde ba\u015flayan orman yang\u0131n\u0131 orman ekiplerinin havadan ve karadan m\u00fcdahalesi ile kontrol alt\u0131na al\u0131nd\u0131. Y\u0131ld\u0131r\u0131m d\u00fc\u015fmesi sonucu \u00e7\u0131kt\u0131\u011f\u0131 tahmin edilen Yata\u011fan Dipsiz mevkiinde yang\u0131na Mu\u011fla Orman B\u00f6lge M\u00fcd\u00fcrl\u00fc\u011f\u00fc ekipleri havadan ve karadan m\u00fcdahale etti. K\u0131sa s\u00fcrede \u00f6n\u00fc kesilen alevler sonras\u0131 yang\u0131n kontrol alt\u0131na al\u0131nd\u0131. Tamamen s\u00f6nd\u00fcr\u00fclmesi i\u00e7in ekiplerin \u00e7al\u0131\u015fmas\u0131&#8230;<\/p>\n","protected":false},"author":1,"featured_media":42503,"comment_status":"open","ping_status":"open","sticky":false,"template":"","format":"standard","meta":{"_crdt_document":"","footnotes":""},"categories":[5],"tags":[],"class_list":["post-42502","post","type-post","status-publish","format-standard","has-post-thumbnail","hentry","category-asayis"],"_links":{"self":[{"href":"https:\/\/www.egemtv.com\/index.php?rest_route=\/wp\/v2\/posts\/42502","targetHints":{"allow":["GET"]}}],"collection":[{"href":"https:\/\/www.egemtv.com\/index.php?rest_route=\/wp\/v2\/posts"}],"about":[{"href":"https:\/\/www.egemtv.com\/index.php?rest_route=\/wp\/v2\/types\/post"}],"author":[{"embeddable":true,"href":"https:\/\/www.egemtv.com\/index.php?rest_route=\/wp\/v2\/users\/1"}],"replies":[{"embeddable":true,"href":"https:\/\/www.egemtv.com\/index.php?rest_route=%2Fwp%2Fv2%2Fcomments&post=42502"}],"version-history":[{"count":1,"href":"https:\/\/www.egemtv.com\/index.php?rest_route=\/wp\/v2\/posts\/42502\/revisions"}],"predecessor-version":[{"id":42504,"href":"https:\/\/www.egemtv.com\/index.php?rest_route=\/wp\/v2\/posts\/42502\/revisions\/42504"}],"wp:featuredmedia":[{"embeddable":true,"href":"https:\/\/www.egemtv.com\/index.php?rest_route=\/wp\/v2\/media\/42503"}],"wp:attachment":[{"href":"https:\/\/www.egemtv.com\/index.php?rest_route=%2Fwp%2Fv2%2Fmedia&parent=42502"}],"wp:term":[{"taxonomy":"category","embeddable":true,"href":"https:\/\/www.egemtv.com\/index.php?rest_route=%2Fwp%2Fv2%2Fcategories&post=42502"},{"taxonomy":"post_tag","embeddable":true,"href":"https:\/\/www.egemtv.com\/index.php?rest_route=%2Fwp%2Fv2%2Ftags&post=42502"}],"curies":[{"name":"wp","href":"https:\/\/api.w.org\/{rel}","templated":true}]}}