{"id":42499,"date":"2025-07-16T17:36:31","date_gmt":"2025-07-16T14:36:31","guid":{"rendered":"https:\/\/www.egemtv.com\/?p=42499"},"modified":"2025-07-16T17:36:36","modified_gmt":"2025-07-16T14:36:36","slug":"otomobil-zeytin-bahcesine-uctu-baba-oldu-esi-ve-cocuklari-yaralandi","status":"publish","type":"post","link":"https:\/\/www.egemtv.com\/?p=42499","title":{"rendered":"Otomobil zeytin bah\u00e7esine u\u00e7tu: Baba \u00f6ld\u00fc, e\u015fi ve \u00e7ocuklar\u0131 yaraland\u0131"},"content":{"rendered":"<p>Manisa\u2019n\u0131n Salihli il\u00e7esinde s\u00fcr\u00fcc\u00fcs\u00fcn\u00fcn kontrol\u00fcnden \u00e7\u0131kan otomobilin zeytin bah\u00e7esine u\u00e7mas\u0131 sonucu meydana gelen kazada 1 ki\u015fi \u00f6ld\u00fc, 4 ki\u015fi yaraland\u0131.<br \/>\n<br \/>Kaza, Salihli-G\u00f6lmarmara kara yolu Tekelio\u011flu Mahallesi mevkiinde meydana geldi. Edinilen bilgiye g\u00f6re, O\u011fuzhan G\u00fcl (25) y\u00f6netimindeki 34 GBD 27 otomobil, s\u00fcr\u00fcc\u00fcs\u00fcn\u00fcn direksiyon hakimiyetini kaybetmesi sonucu, yol kenar\u0131ndaki zeytin bah\u00e7esine u\u00e7tu. Haber verilmesi \u00fczerine olay yerine sa\u011fl\u0131k ve jandarma ekipleri sevk edildi. Kazada baba Rasim G\u00fcl (52) olay yerinde hayat\u0131n\u0131 kaybederken, e\u015fi Ay\u015fe G\u00fcl (52) ile \u00e7ocuklar\u0131 O\u011fuzhan G\u00fcl, Onurhan G\u00fcl (27) ve Melike G\u00fcl (21) yaraland\u0131.<br \/>\n<br \/>Yaral\u0131lar, olay yerinde yap\u0131lan ilk m\u00fcdahalenin ard\u0131ndan Salihli Devlet Hastanesi\u2019ne kald\u0131r\u0131ld\u0131.<br \/>\n<br \/>Kazada hayat\u0131n\u0131 kaybeden baba Rasim G\u00fcl\u2019\u00fcn cans\u0131z bedeni ise yap\u0131lan inceleme sonras\u0131 hastane morguna kald\u0131r\u0131ld\u0131.<br \/>\n<br \/>Kaza ile ilgili soru\u015fturma ba\u015flat\u0131l\u0131rken, yaral\u0131lar\u0131n hayati tehlikesinin bulunmad\u0131\u011f\u0131 \u00f6\u011frenildi.<br \/><\/p>\n","protected":false},"excerpt":{"rendered":"<p>Manisa\u2019n\u0131n Salihli il\u00e7esinde s\u00fcr\u00fcc\u00fcs\u00fcn\u00fcn kontrol\u00fcnden \u00e7\u0131kan otomobilin zeytin bah\u00e7esine u\u00e7mas\u0131 sonucu meydana gelen kazada 1 ki\u015fi \u00f6ld\u00fc, 4 ki\u015fi yaraland\u0131. Kaza, Salihli-G\u00f6lmarmara kara yolu Tekelio\u011flu Mahallesi mevkiinde meydana geldi. Edinilen bilgiye g\u00f6re, O\u011fuzhan G\u00fcl (25) y\u00f6netimindeki 34 GBD 27 otomobil, s\u00fcr\u00fcc\u00fcs\u00fcn\u00fcn direksiyon hakimiyetini kaybetmesi sonucu, yol kenar\u0131ndaki zeytin bah\u00e7esine u\u00e7tu. Haber verilmesi \u00fczerine olay yerine&#8230;<\/p>\n","protected":false},"author":1,"featured_media":42500,"comment_status":"open","ping_status":"open","sticky":false,"template":"","format":"standard","meta":{"_crdt_document":"","footnotes":""},"categories":[5],"tags":[],"class_list":["post-42499","post","type-post","status-publish","format-standard","has-post-thumbnail","hentry","category-asayis"],"_links":{"self":[{"href":"https:\/\/www.egemtv.com\/index.php?rest_route=\/wp\/v2\/posts\/42499","targetHints":{"allow":["GET"]}}],"collection":[{"href":"https:\/\/www.egemtv.com\/index.php?rest_route=\/wp\/v2\/posts"}],"about":[{"href":"https:\/\/www.egemtv.com\/index.php?rest_route=\/wp\/v2\/types\/post"}],"author":[{"embeddable":true,"href":"https:\/\/www.egemtv.com\/index.php?rest_route=\/wp\/v2\/users\/1"}],"replies":[{"embeddable":true,"href":"https:\/\/www.egemtv.com\/index.php?rest_route=%2Fwp%2Fv2%2Fcomments&post=42499"}],"version-history":[{"count":1,"href":"https:\/\/www.egemtv.com\/index.php?rest_route=\/wp\/v2\/posts\/42499\/revisions"}],"predecessor-version":[{"id":42501,"href":"https:\/\/www.egemtv.com\/index.php?rest_route=\/wp\/v2\/posts\/42499\/revisions\/42501"}],"wp:featuredmedia":[{"embeddable":true,"href":"https:\/\/www.egemtv.com\/index.php?rest_route=\/wp\/v2\/media\/42500"}],"wp:attachment":[{"href":"https:\/\/www.egemtv.com\/index.php?rest_route=%2Fwp%2Fv2%2Fmedia&parent=42499"}],"wp:term":[{"taxonomy":"category","embeddable":true,"href":"https:\/\/www.egemtv.com\/index.php?rest_route=%2Fwp%2Fv2%2Fcategories&post=42499"},{"taxonomy":"post_tag","embeddable":true,"href":"https:\/\/www.egemtv.com\/index.php?rest_route=%2Fwp%2Fv2%2Ftags&post=42499"}],"curies":[{"name":"wp","href":"https:\/\/api.w.org\/{rel}","templated":true}]}}