{"id":42496,"date":"2025-07-16T17:36:26","date_gmt":"2025-07-16T14:36:26","guid":{"rendered":"https:\/\/www.egemtv.com\/?p=42496"},"modified":"2025-07-16T17:36:31","modified_gmt":"2025-07-16T14:36:31","slug":"salihlide-bagcilara-salkim-guvesi-ve-unlu-bit-uyarisi","status":"publish","type":"post","link":"https:\/\/www.egemtv.com\/?p=42496","title":{"rendered":"Salihli\u2019de ba\u011fc\u0131lara salk\u0131m g\u00fcvesi ve unlu bit uyar\u0131s\u0131"},"content":{"rendered":"<p>Manisa\u2019n\u0131n Salihli il\u00e7esinde Tar\u0131m ve Orman M\u00fcd\u00fcrl\u00fc\u011f\u00fc\u2019nden ba\u011f \u00fcreticilerine y\u00f6nelik \u00f6nemli bir uyar\u0131 geldi. Uyar\u0131da ba\u011f salk\u0131m g\u00fcvesinin 3. nesil larvalar\u0131na kar\u015f\u0131 ila\u00e7lama yap\u0131lmas\u0131 gerekti\u011fi vurguland\u0131.<br \/>\n<br \/>Salihli \u0130l\u00e7e Tar\u0131m ve Orman M\u00fcd\u00fcrl\u00fc\u011f\u00fc\u2019nden yap\u0131lan uyar\u0131da, ba\u011flarda ciddi zarara yol a\u00e7an ba\u011f salk\u0131m g\u00fcvesi ile etkin m\u00fccadele i\u00e7in \u00fcreticilerin 17-20 Temmuz 2025 tarihleri aras\u0131nda ruhsatl\u0131 bir larva etkili bitki koruma \u00fcr\u00fcn\u00fc ile ila\u00e7lama yapmas\u0131 gerekti\u011fi hat\u0131rlat\u0131ld\u0131. Yetkililer, \u00f6zellikle erkenci b\u00f6lgelerde bulunan ba\u011flarda ila\u00e7laman\u0131n zaman\u0131nda yap\u0131lmas\u0131n\u0131n b\u00fcy\u00fck \u00f6nem ta\u015f\u0131d\u0131\u011f\u0131n\u0131 belirtti.<br \/>\n<br \/>\u00d6te yandan, ba\u011flarda yayg\u0131n olarak g\u00f6r\u00fclen bir di\u011fer zararl\u0131 olan unlu bit konusunda da \u00fcreticiler uyar\u0131ld\u0131. A\u00e7\u0131klamada, &#8220;Unlu bitin sorun oldu\u011fu ba\u011flarda m\u00fccadeleye gecikmeden ba\u015flanmal\u0131d\u0131r&#8221; denildi.<br \/><\/p>\n","protected":false},"excerpt":{"rendered":"<p>Manisa\u2019n\u0131n Salihli il\u00e7esinde Tar\u0131m ve Orman M\u00fcd\u00fcrl\u00fc\u011f\u00fc\u2019nden ba\u011f \u00fcreticilerine y\u00f6nelik \u00f6nemli bir uyar\u0131 geldi. Uyar\u0131da ba\u011f salk\u0131m g\u00fcvesinin 3. nesil larvalar\u0131na kar\u015f\u0131 ila\u00e7lama yap\u0131lmas\u0131 gerekti\u011fi vurguland\u0131. Salihli \u0130l\u00e7e Tar\u0131m ve Orman M\u00fcd\u00fcrl\u00fc\u011f\u00fc\u2019nden yap\u0131lan uyar\u0131da, ba\u011flarda ciddi zarara yol a\u00e7an ba\u011f salk\u0131m g\u00fcvesi ile etkin m\u00fccadele i\u00e7in \u00fcreticilerin 17-20 Temmuz 2025 tarihleri aras\u0131nda ruhsatl\u0131 bir larva&#8230;<\/p>\n","protected":false},"author":1,"featured_media":42497,"comment_status":"open","ping_status":"open","sticky":false,"template":"","format":"standard","meta":{"_crdt_document":"","footnotes":""},"categories":[125],"tags":[],"class_list":["post-42496","post","type-post","status-publish","format-standard","has-post-thumbnail","hentry","category-ekonomi"],"_links":{"self":[{"href":"https:\/\/www.egemtv.com\/index.php?rest_route=\/wp\/v2\/posts\/42496","targetHints":{"allow":["GET"]}}],"collection":[{"href":"https:\/\/www.egemtv.com\/index.php?rest_route=\/wp\/v2\/posts"}],"about":[{"href":"https:\/\/www.egemtv.com\/index.php?rest_route=\/wp\/v2\/types\/post"}],"author":[{"embeddable":true,"href":"https:\/\/www.egemtv.com\/index.php?rest_route=\/wp\/v2\/users\/1"}],"replies":[{"embeddable":true,"href":"https:\/\/www.egemtv.com\/index.php?rest_route=%2Fwp%2Fv2%2Fcomments&post=42496"}],"version-history":[{"count":1,"href":"https:\/\/www.egemtv.com\/index.php?rest_route=\/wp\/v2\/posts\/42496\/revisions"}],"predecessor-version":[{"id":42498,"href":"https:\/\/www.egemtv.com\/index.php?rest_route=\/wp\/v2\/posts\/42496\/revisions\/42498"}],"wp:featuredmedia":[{"embeddable":true,"href":"https:\/\/www.egemtv.com\/index.php?rest_route=\/wp\/v2\/media\/42497"}],"wp:attachment":[{"href":"https:\/\/www.egemtv.com\/index.php?rest_route=%2Fwp%2Fv2%2Fmedia&parent=42496"}],"wp:term":[{"taxonomy":"category","embeddable":true,"href":"https:\/\/www.egemtv.com\/index.php?rest_route=%2Fwp%2Fv2%2Fcategories&post=42496"},{"taxonomy":"post_tag","embeddable":true,"href":"https:\/\/www.egemtv.com\/index.php?rest_route=%2Fwp%2Fv2%2Ftags&post=42496"}],"curies":[{"name":"wp","href":"https:\/\/api.w.org\/{rel}","templated":true}]}}