{"id":42493,"date":"2025-07-16T17:36:16","date_gmt":"2025-07-16T14:36:16","guid":{"rendered":"https:\/\/www.egemtv.com\/?p=42493"},"modified":"2025-07-16T17:36:26","modified_gmt":"2025-07-16T14:36:26","slug":"didim-belediyesi-sahil-temizligini-araliksiz-surduruyor","status":"publish","type":"post","link":"https:\/\/www.egemtv.com\/?p=42493","title":{"rendered":"Didim Belediyesi sahil temizli\u011fini aral\u0131ks\u0131z s\u00fcrd\u00fcr\u00fcyor"},"content":{"rendered":"<p>Didim Belediyesi Temizlik \u0130\u015fleri M\u00fcd\u00fcrl\u00fc\u011f\u00fc ekipleri, yaz sezonunun en yo\u011fun g\u00fcnlerinde sahil \u015feridinde kapsaml\u0131 temizlik ve \u00e7evre d\u00fczenleme \u00e7al\u0131\u015fmalar\u0131n\u0131 aral\u0131ks\u0131z s\u00fcrd\u00fcr\u00fcyor. \u00d6zellikle tatilcilerin ve vatanda\u015flar\u0131n yo\u011fun olarak kulland\u0131\u011f\u0131 halk plajlar\u0131 ile y\u00fcr\u00fcy\u00fc\u015f alanlar\u0131, her g\u00fcn d\u00fczenli olarak temizlenerek hijyenik hale getiriliyor.<\/p>\n<p>Sabah\u0131n erken saatlerinde ba\u015flayan \u00e7al\u0131\u015fmalarda, sahil boyunca kumlar el ile taran\u0131yor, \u00e7\u00f6pler toplan\u0131yor ve \u00e7evreye at\u0131lan at\u0131klar \u00f6zenle ayr\u0131\u015ft\u0131r\u0131larak bertaraf ediliyor. Yap\u0131lan \u00e7al\u0131\u015fmalar sayesinde sahil \u015feridi hem sa\u011fl\u0131k a\u00e7\u0131s\u0131ndan temizleniyor hem de g\u00f6rsel olarak daha d\u00fczenli bir g\u00f6r\u00fcn\u00fcme kavu\u015fuyor.<\/p>\n<p>Konuya ili\u015fkin a\u00e7\u0131klama yapan Didim Belediye Ba\u015fkan\u0131 Hatice Gen\u00e7ay, &#8220;Sahil ve plaj temizliklerimiz sezon boyunca her g\u00fcn belirli program dahilinde s\u00fcrd\u00fcr\u00fclecek. Hem \u00e7evre temizli\u011fine hem de halk sa\u011fl\u0131\u011f\u0131na b\u00fcy\u00fck \u00f6nem veriyoruz. Sahillerimiz yaln\u0131zca bug\u00fcn\u00fcn de\u011fil, gelece\u011fin de miras\u0131d\u0131r. Bu nedenle vatanda\u015flar\u0131m\u0131zdan da ayn\u0131 hassasiyetle davranmalar\u0131n\u0131, \u00e7evreyi temiz tutmalar\u0131 konusunda duyarl\u0131l\u0131k g\u00f6stermelerini rica ediyoruz&#8221; ifadelerini kulland\u0131.<\/p>\n<p>Didim Belediyesi, yaz boyunca \u00e7evreye duyarl\u0131 temizlik uygulamalar\u0131yla sahilleri korumaya, vatanda\u015flar\u0131n keyifli ve sa\u011fl\u0131kl\u0131 bir tatil ge\u00e7irmesi i\u00e7in \u00e7al\u0131\u015fmaya devam edecek.<br \/><\/p>\n","protected":false},"excerpt":{"rendered":"<p>Didim Belediyesi Temizlik \u0130\u015fleri M\u00fcd\u00fcrl\u00fc\u011f\u00fc ekipleri, yaz sezonunun en yo\u011fun g\u00fcnlerinde sahil \u015feridinde kapsaml\u0131 temizlik ve \u00e7evre d\u00fczenleme \u00e7al\u0131\u015fmalar\u0131n\u0131 aral\u0131ks\u0131z s\u00fcrd\u00fcr\u00fcyor. \u00d6zellikle tatilcilerin ve vatanda\u015flar\u0131n yo\u011fun olarak kulland\u0131\u011f\u0131 halk plajlar\u0131 ile y\u00fcr\u00fcy\u00fc\u015f alanlar\u0131, her g\u00fcn d\u00fczenli olarak temizlenerek hijyenik hale getiriliyor. Sabah\u0131n erken saatlerinde ba\u015flayan \u00e7al\u0131\u015fmalarda, sahil boyunca kumlar el ile taran\u0131yor, \u00e7\u00f6pler toplan\u0131yor ve&#8230;<\/p>\n","protected":false},"author":1,"featured_media":42494,"comment_status":"open","ping_status":"open","sticky":false,"template":"","format":"standard","meta":{"_crdt_document":"","footnotes":""},"categories":[1],"tags":[],"class_list":["post-42493","post","type-post","status-publish","format-standard","has-post-thumbnail","hentry","category-guncel"],"_links":{"self":[{"href":"https:\/\/www.egemtv.com\/index.php?rest_route=\/wp\/v2\/posts\/42493","targetHints":{"allow":["GET"]}}],"collection":[{"href":"https:\/\/www.egemtv.com\/index.php?rest_route=\/wp\/v2\/posts"}],"about":[{"href":"https:\/\/www.egemtv.com\/index.php?rest_route=\/wp\/v2\/types\/post"}],"author":[{"embeddable":true,"href":"https:\/\/www.egemtv.com\/index.php?rest_route=\/wp\/v2\/users\/1"}],"replies":[{"embeddable":true,"href":"https:\/\/www.egemtv.com\/index.php?rest_route=%2Fwp%2Fv2%2Fcomments&post=42493"}],"version-history":[{"count":1,"href":"https:\/\/www.egemtv.com\/index.php?rest_route=\/wp\/v2\/posts\/42493\/revisions"}],"predecessor-version":[{"id":42495,"href":"https:\/\/www.egemtv.com\/index.php?rest_route=\/wp\/v2\/posts\/42493\/revisions\/42495"}],"wp:featuredmedia":[{"embeddable":true,"href":"https:\/\/www.egemtv.com\/index.php?rest_route=\/wp\/v2\/media\/42494"}],"wp:attachment":[{"href":"https:\/\/www.egemtv.com\/index.php?rest_route=%2Fwp%2Fv2%2Fmedia&parent=42493"}],"wp:term":[{"taxonomy":"category","embeddable":true,"href":"https:\/\/www.egemtv.com\/index.php?rest_route=%2Fwp%2Fv2%2Fcategories&post=42493"},{"taxonomy":"post_tag","embeddable":true,"href":"https:\/\/www.egemtv.com\/index.php?rest_route=%2Fwp%2Fv2%2Ftags&post=42493"}],"curies":[{"name":"wp","href":"https:\/\/api.w.org\/{rel}","templated":true}]}}