{"id":42490,"date":"2025-07-16T17:15:20","date_gmt":"2025-07-16T14:15:20","guid":{"rendered":"https:\/\/www.egemtv.com\/?p=42490"},"modified":"2025-07-16T17:15:25","modified_gmt":"2025-07-16T14:15:25","slug":"kayip-alzheimer-hastasi-yasli-kadin-12-saat-sonra-ekiplerce-arazide-bulundu","status":"publish","type":"post","link":"https:\/\/www.egemtv.com\/?p=42490","title":{"rendered":"Kay\u0131p Alzheimer hastas\u0131 ya\u015fl\u0131 kad\u0131n 12 saat sonra ekiplerce arazide bulundu"},"content":{"rendered":"<p>Burdur\u2019un A\u011flasun il\u00e7esinde kay\u0131p Alzheimer hastas\u0131 ya\u015fl\u0131 kad\u0131n, 12 saat sonra jandarma ve AFAD ekiplerince arazide bitkin halde bulundu.<br \/>\n<br \/>Olay, A\u011flasun il\u00e7esine ba\u011fl\u0131 Ye\u015filba\u015fk\u00f6y\u2019de meydana geldi. Edinilen bilgilere g\u00f6re, d\u00fcn tarlas\u0131na gittikten sonra eve d\u00f6nmeyen Emine P.\u2019nin (85) yak\u0131nlar\u0131 durumu 112 Acil \u00c7a\u011fr\u0131 Merkezi\u2019ne bildirdi. \u0130hbar \u00fczerine b\u00f6lgeye gelen jandarma ekipleri arama \u00e7al\u0131\u015fmas\u0131 ba\u015flatt\u0131. Gece saatlerinde AFAD ekiplerinin de destek verdi\u011fi \u00e7al\u0131\u015fmalarda Emine P. bug\u00fcn saat 12.00 s\u0131ralar\u0131nda evine yakla\u015f\u0131k 2 kilometre mesafedeki arazide bitkin halde bulundu. Sa\u011fl\u0131k ekiplerince olay yerinde ilk m\u00fcdahalesi yap\u0131lan ya\u015fl\u0131 kad\u0131n, sedyeyle ambulansa ta\u015f\u0131narak Burdur Devlet Hastanesi\u2019ne kald\u0131r\u0131ld\u0131.<br \/>\n<br \/>Emine P.\u2019nin Alzheimer hastas\u0131 oldu\u011fu ve bu nedenle evinin yolunu bulamad\u0131\u011f\u0131 \u00f6\u011frenildi. Hastanede tedavisi s\u00fcren ya\u015fl\u0131 kad\u0131n\u0131n sa\u011fl\u0131k durumunun iyi oldu\u011fu bildirildi.<br \/><\/p>\n","protected":false},"excerpt":{"rendered":"<p>Burdur\u2019un A\u011flasun il\u00e7esinde kay\u0131p Alzheimer hastas\u0131 ya\u015fl\u0131 kad\u0131n, 12 saat sonra jandarma ve AFAD ekiplerince arazide bitkin halde bulundu. Olay, A\u011flasun il\u00e7esine ba\u011fl\u0131 Ye\u015filba\u015fk\u00f6y\u2019de meydana geldi. Edinilen bilgilere g\u00f6re, d\u00fcn tarlas\u0131na gittikten sonra eve d\u00f6nmeyen Emine P.\u2019nin (85) yak\u0131nlar\u0131 durumu 112 Acil \u00c7a\u011fr\u0131 Merkezi\u2019ne bildirdi. \u0130hbar \u00fczerine b\u00f6lgeye gelen jandarma ekipleri arama \u00e7al\u0131\u015fmas\u0131 ba\u015flatt\u0131. Gece&#8230;<\/p>\n","protected":false},"author":1,"featured_media":42491,"comment_status":"open","ping_status":"open","sticky":false,"template":"","format":"standard","meta":{"_crdt_document":"","footnotes":""},"categories":[5],"tags":[],"class_list":["post-42490","post","type-post","status-publish","format-standard","has-post-thumbnail","hentry","category-asayis"],"_links":{"self":[{"href":"https:\/\/www.egemtv.com\/index.php?rest_route=\/wp\/v2\/posts\/42490","targetHints":{"allow":["GET"]}}],"collection":[{"href":"https:\/\/www.egemtv.com\/index.php?rest_route=\/wp\/v2\/posts"}],"about":[{"href":"https:\/\/www.egemtv.com\/index.php?rest_route=\/wp\/v2\/types\/post"}],"author":[{"embeddable":true,"href":"https:\/\/www.egemtv.com\/index.php?rest_route=\/wp\/v2\/users\/1"}],"replies":[{"embeddable":true,"href":"https:\/\/www.egemtv.com\/index.php?rest_route=%2Fwp%2Fv2%2Fcomments&post=42490"}],"version-history":[{"count":1,"href":"https:\/\/www.egemtv.com\/index.php?rest_route=\/wp\/v2\/posts\/42490\/revisions"}],"predecessor-version":[{"id":42492,"href":"https:\/\/www.egemtv.com\/index.php?rest_route=\/wp\/v2\/posts\/42490\/revisions\/42492"}],"wp:featuredmedia":[{"embeddable":true,"href":"https:\/\/www.egemtv.com\/index.php?rest_route=\/wp\/v2\/media\/42491"}],"wp:attachment":[{"href":"https:\/\/www.egemtv.com\/index.php?rest_route=%2Fwp%2Fv2%2Fmedia&parent=42490"}],"wp:term":[{"taxonomy":"category","embeddable":true,"href":"https:\/\/www.egemtv.com\/index.php?rest_route=%2Fwp%2Fv2%2Fcategories&post=42490"},{"taxonomy":"post_tag","embeddable":true,"href":"https:\/\/www.egemtv.com\/index.php?rest_route=%2Fwp%2Fv2%2Ftags&post=42490"}],"curies":[{"name":"wp","href":"https:\/\/api.w.org\/{rel}","templated":true}]}}