{"id":42487,"date":"2025-07-16T16:56:37","date_gmt":"2025-07-16T13:56:37","guid":{"rendered":"https:\/\/www.egemtv.com\/?p=42487"},"modified":"2025-07-16T16:56:40","modified_gmt":"2025-07-16T13:56:40","slug":"meslegini-anlatmak-isteyen-ustalar-dinlenecek","status":"publish","type":"post","link":"https:\/\/www.egemtv.com\/?p=42487","title":{"rendered":"Mesle\u011fini anlatmak isteyen ustalar dinlenecek"},"content":{"rendered":"<p>Denizli Esnaf ve Sanatkarlar Odalar\u0131 Birli\u011fi ile Denizli \u0130l K\u00fclt\u00fcr ve Turizm M\u00fcd\u00fcrl\u00fc\u011f\u00fc taraf\u0131ndan yap\u0131lacak ortak \u00e7al\u0131\u015fma ile geleneksel meslekler olmak \u00fczere, unutulmaya y\u00fcz tutmu\u015f meslekler,  mesle\u011fin incelikleri ve gelecek nesillere aktar\u0131lmas\u0131 i\u00e7in kay\u0131t alt\u0131na al\u0131nacak. Yap\u0131lacak olan ara\u015ft\u0131rmalar ve al\u0131nacak kay\u0131tlar ise K\u00fclt\u00fcr ve Turizm Bakanl\u0131\u011f\u0131 Bilgi ve Belge Merkezi ar\u015fivine kazand\u0131r\u0131lacak.<\/p>\n<p>K\u00fclt\u00fcr ve Turizm Bakanl\u0131\u011f\u0131 Ya\u015fayan Miras Ve K\u00fclt\u00fcrel Etkinlikler Genel M\u00fcd\u00fcrl\u00fc\u011f\u00fc taraf\u0131ndan halk k\u00fclt\u00fcr\u00fc alan ara\u015ft\u0131rmalar\u0131 \u00e7al\u0131\u015fmas\u0131 \u00e7er\u00e7evesinde Denizli Esnaf ve Sanatkarlar Odalar\u0131 Birli\u011fi Ba\u015fkanl\u0131\u011f\u0131 taraf\u0131ndan Denizli \u0130l K\u00fclt\u00fcr ve Turizm M\u00fcd\u00fcrl\u00fc\u011f\u00fc ile yap\u0131lacak ortak \u00e7al\u0131\u015fma ile unutulmaya y\u00fcz tutmu\u015f meslekler ba\u015fta olmak \u00fczere, bir \u00e7ok meslek kay\u0131t alt\u0131na al\u0131nacak.<\/p>\n<p>Konu hakk\u0131nda a\u00e7\u0131klama yapan DESOB Genel Sekreteri Yunus Emre G\u00f6n\u00e7, &#8220;K\u00fclt\u00fcr ve Turizm Bakanl\u0131\u011f\u0131 Ya\u015fayan Miras Ve K\u00fclt\u00fcrel Etkinlikler Genel M\u00fcd\u00fcrl\u00fc\u011f\u00fc taraf\u0131ndan halk k\u00fclt\u00fcr\u00fc alan ara\u015ft\u0131rmalar\u0131 \u00e7al\u0131\u015fmas\u0131 \u00e7er\u00e7evesinde Denizli Esnaf Odalar\u0131 Birli\u011fi Ba\u015fkanl\u0131\u011f\u0131 ile Denizli \u0130l K\u00fclt\u00fcr ve Turizm M\u00fcd\u00fcrl\u00fc\u011f\u00fc ile ortak \u00e7al\u0131\u015fma yap\u0131lacak. Denizli \u0130l K\u00fclt\u00fcr ve Turizm M\u00fcd\u00fcrl\u00fc\u011f\u00fcm\u00fcz folklor ara\u015ft\u0131rmac\u0131lar\u0131 taraf\u0131ndan il s\u0131n\u0131rlar\u0131 i\u00e7erisinde t\u00fcm yerle\u015fimlerde, geleneksel meslekler alan\u0131nda halk k\u00fclt\u00fcr\u00fc alan ara\u015ft\u0131rmas\u0131 ba\u015flat\u0131lacak.<br \/>\n<br \/>S\u00f6z konusu ara\u015ft\u0131rmada geleneksel meslek erbab\u0131na ula\u015f\u0131larak geleneksel meslekler icraa edilirken, foto\u011fraf, video, ses kayd\u0131 al\u0131nacak ve bu kay\u0131tlar, ara\u015ft\u0131rma verileri K\u00fclt\u00fcr ve Turizm Bakanl\u0131\u011f\u0131 Bilgi ve Belge Merkezi ar\u015fivine g\u00f6nderilecek.  Ayr\u0131ca ara\u015ft\u0131rma verileri i\u015flenmesi, konu hakk\u0131nda yay\u0131n haz\u0131rlanmas\u0131, geleneksel mesleklerin ya\u015fat\u0131lmas\u0131 i\u00e7in gelecek nesillere aktar\u0131lmas\u0131 konusunda \u00e7al\u0131\u015fmalar yap\u0131lacak.  Bu anlamda meslek sahibi herkesin gerek ba\u011fl\u0131 olduklar\u0131 meslek odalar\u0131na gerek ise esnafl\u0131\u011f\u0131 b\u0131rakm\u0131\u015f ise 05551427176 telefon numaras\u0131nda bizlere ula\u015fmas\u0131 \u00f6nem arz etmektedir. Mesle\u011fi b\u0131rakm\u0131\u015f olsa dahi geleneksel meslek konusunda bilgi ve tecr\u00fcbesi olan ustalar\u0131m\u0131z\u0131n bizlere ula\u015fmas\u0131n\u0131 istiyoruz&#8221; ifadelerini kulland\u0131.<br \/><\/p>\n","protected":false},"excerpt":{"rendered":"<p>Denizli Esnaf ve Sanatkarlar Odalar\u0131 Birli\u011fi ile Denizli \u0130l K\u00fclt\u00fcr ve Turizm M\u00fcd\u00fcrl\u00fc\u011f\u00fc taraf\u0131ndan yap\u0131lacak ortak \u00e7al\u0131\u015fma ile geleneksel meslekler olmak \u00fczere, unutulmaya y\u00fcz tutmu\u015f meslekler, mesle\u011fin incelikleri ve gelecek nesillere aktar\u0131lmas\u0131 i\u00e7in kay\u0131t alt\u0131na al\u0131nacak. Yap\u0131lacak olan ara\u015ft\u0131rmalar ve al\u0131nacak kay\u0131tlar ise K\u00fclt\u00fcr ve Turizm Bakanl\u0131\u011f\u0131 Bilgi ve Belge Merkezi ar\u015fivine kazand\u0131r\u0131lacak. K\u00fclt\u00fcr ve&#8230;<\/p>\n","protected":false},"author":1,"featured_media":42488,"comment_status":"open","ping_status":"open","sticky":false,"template":"","format":"standard","meta":{"_crdt_document":"","footnotes":""},"categories":[125],"tags":[],"class_list":["post-42487","post","type-post","status-publish","format-standard","has-post-thumbnail","hentry","category-ekonomi"],"_links":{"self":[{"href":"https:\/\/www.egemtv.com\/index.php?rest_route=\/wp\/v2\/posts\/42487","targetHints":{"allow":["GET"]}}],"collection":[{"href":"https:\/\/www.egemtv.com\/index.php?rest_route=\/wp\/v2\/posts"}],"about":[{"href":"https:\/\/www.egemtv.com\/index.php?rest_route=\/wp\/v2\/types\/post"}],"author":[{"embeddable":true,"href":"https:\/\/www.egemtv.com\/index.php?rest_route=\/wp\/v2\/users\/1"}],"replies":[{"embeddable":true,"href":"https:\/\/www.egemtv.com\/index.php?rest_route=%2Fwp%2Fv2%2Fcomments&post=42487"}],"version-history":[{"count":1,"href":"https:\/\/www.egemtv.com\/index.php?rest_route=\/wp\/v2\/posts\/42487\/revisions"}],"predecessor-version":[{"id":42489,"href":"https:\/\/www.egemtv.com\/index.php?rest_route=\/wp\/v2\/posts\/42487\/revisions\/42489"}],"wp:featuredmedia":[{"embeddable":true,"href":"https:\/\/www.egemtv.com\/index.php?rest_route=\/wp\/v2\/media\/42488"}],"wp:attachment":[{"href":"https:\/\/www.egemtv.com\/index.php?rest_route=%2Fwp%2Fv2%2Fmedia&parent=42487"}],"wp:term":[{"taxonomy":"category","embeddable":true,"href":"https:\/\/www.egemtv.com\/index.php?rest_route=%2Fwp%2Fv2%2Fcategories&post=42487"},{"taxonomy":"post_tag","embeddable":true,"href":"https:\/\/www.egemtv.com\/index.php?rest_route=%2Fwp%2Fv2%2Ftags&post=42487"}],"curies":[{"name":"wp","href":"https:\/\/api.w.org\/{rel}","templated":true}]}}