{"id":42484,"date":"2025-07-16T16:37:55","date_gmt":"2025-07-16T13:37:55","guid":{"rendered":"https:\/\/www.egemtv.com\/?p=42484"},"modified":"2025-07-16T16:38:00","modified_gmt":"2025-07-16T13:38:00","slug":"aniden-bastiran-saganak-yagis-tavasta-taskina-neden-oldu","status":"publish","type":"post","link":"https:\/\/www.egemtv.com\/?p=42484","title":{"rendered":"Aniden bast\u0131ran sa\u011fanak ya\u011f\u0131\u015f Tavas\u2019ta ta\u015fk\u0131na neden oldu"},"content":{"rendered":"<p>Denizli\u2019nin Tavas il\u00e7esinde etkisini g\u00f6steren sa\u011fanak ve dolu ya\u011f\u0131\u015f\u0131 sonucu su ta\u015fk\u0131n\u0131 olu\u015ftu.<\/p>\n<p>Meteoroloji Genel M\u00fcd\u00fcrl\u00fc\u011f\u00fc taraf\u0131ndan yap\u0131lan ya\u011f\u0131\u015f uyar\u0131s\u0131n\u0131n ard\u0131ndan, Denizli\u2019nin Tavas il\u00e7esinde sa\u011fanak ve dolu ya\u011f\u0131\u015f\u0131 etkili oldu. \u0130l\u00e7ede \u00f6\u011fle saatlerinde aniden ba\u015flayan sa\u011fanak ve dolu ya\u011f\u0131\u015f\u0131 sonras\u0131nda il\u00e7e merkezinde su ta\u015fk\u0131nlar\u0131 olu\u015ftu. Cadde ve sokaklar dereye d\u00f6nd\u00fc. Sokaklardan \u015fiddetli akan ya\u011fmur sular\u0131 yol kenar\u0131nda park halinde olan motosikletleri d\u00fc\u015f\u00fcrerek zarar verdi. G\u00fcnl\u00fck ya\u015fam\u0131 olumsuz etkileyen \u015fiddetli ya\u011f\u0131\u015f\u0131n\u0131n yan\u0131 s\u0131ra il\u00e7ede dolu ya\u011f\u0131\u015f\u0131 da meydana geldi. \u015eiddetli ya\u011fan dolunun ekili araziler ve meyve a\u011fa\u00e7lar\u0131nda zarar olu\u015ftu\u011fu belirtildi.<\/p>\n<p>A\u015f\u0131r\u0131 s\u0131caklar\u0131n etkili oldu\u011fu Denizli\u2019de d\u00fcn \u00f6\u011fleden sonradan bu yana devam eden ya\u011f\u0131\u015flar\u0131n il merkezinin yan\u0131 s\u0131ra \u00c7ameli ve Serinhisar il\u00e7elerinde de etkili oldu\u011fu belirtildi.<br \/><\/p>\n","protected":false},"excerpt":{"rendered":"<p>Denizli\u2019nin Tavas il\u00e7esinde etkisini g\u00f6steren sa\u011fanak ve dolu ya\u011f\u0131\u015f\u0131 sonucu su ta\u015fk\u0131n\u0131 olu\u015ftu. Meteoroloji Genel M\u00fcd\u00fcrl\u00fc\u011f\u00fc taraf\u0131ndan yap\u0131lan ya\u011f\u0131\u015f uyar\u0131s\u0131n\u0131n ard\u0131ndan, Denizli\u2019nin Tavas il\u00e7esinde sa\u011fanak ve dolu ya\u011f\u0131\u015f\u0131 etkili oldu. \u0130l\u00e7ede \u00f6\u011fle saatlerinde aniden ba\u015flayan sa\u011fanak ve dolu ya\u011f\u0131\u015f\u0131 sonras\u0131nda il\u00e7e merkezinde su ta\u015fk\u0131nlar\u0131 olu\u015ftu. Cadde ve sokaklar dereye d\u00f6nd\u00fc. Sokaklardan \u015fiddetli akan ya\u011fmur sular\u0131&#8230;<\/p>\n","protected":false},"author":1,"featured_media":42485,"comment_status":"open","ping_status":"open","sticky":false,"template":"","format":"standard","meta":{"_crdt_document":"","footnotes":""},"categories":[1],"tags":[],"class_list":["post-42484","post","type-post","status-publish","format-standard","has-post-thumbnail","hentry","category-guncel"],"_links":{"self":[{"href":"https:\/\/www.egemtv.com\/index.php?rest_route=\/wp\/v2\/posts\/42484","targetHints":{"allow":["GET"]}}],"collection":[{"href":"https:\/\/www.egemtv.com\/index.php?rest_route=\/wp\/v2\/posts"}],"about":[{"href":"https:\/\/www.egemtv.com\/index.php?rest_route=\/wp\/v2\/types\/post"}],"author":[{"embeddable":true,"href":"https:\/\/www.egemtv.com\/index.php?rest_route=\/wp\/v2\/users\/1"}],"replies":[{"embeddable":true,"href":"https:\/\/www.egemtv.com\/index.php?rest_route=%2Fwp%2Fv2%2Fcomments&post=42484"}],"version-history":[{"count":1,"href":"https:\/\/www.egemtv.com\/index.php?rest_route=\/wp\/v2\/posts\/42484\/revisions"}],"predecessor-version":[{"id":42486,"href":"https:\/\/www.egemtv.com\/index.php?rest_route=\/wp\/v2\/posts\/42484\/revisions\/42486"}],"wp:featuredmedia":[{"embeddable":true,"href":"https:\/\/www.egemtv.com\/index.php?rest_route=\/wp\/v2\/media\/42485"}],"wp:attachment":[{"href":"https:\/\/www.egemtv.com\/index.php?rest_route=%2Fwp%2Fv2%2Fmedia&parent=42484"}],"wp:term":[{"taxonomy":"category","embeddable":true,"href":"https:\/\/www.egemtv.com\/index.php?rest_route=%2Fwp%2Fv2%2Fcategories&post=42484"},{"taxonomy":"post_tag","embeddable":true,"href":"https:\/\/www.egemtv.com\/index.php?rest_route=%2Fwp%2Fv2%2Ftags&post=42484"}],"curies":[{"name":"wp","href":"https:\/\/api.w.org\/{rel}","templated":true}]}}