{"id":42481,"date":"2025-07-16T16:15:16","date_gmt":"2025-07-16T13:15:16","guid":{"rendered":"https:\/\/www.egemtv.com\/?p=42481"},"modified":"2025-07-16T16:15:23","modified_gmt":"2025-07-16T13:15:23","slug":"bozdogan-saganak-yagisla-serinledi","status":"publish","type":"post","link":"https:\/\/www.egemtv.com\/?p=42481","title":{"rendered":"Bozdo\u011fan sa\u011fanak ya\u011f\u0131\u015fla serinledi"},"content":{"rendered":"<p>Ayd\u0131n\u2019\u0131n Bozdo\u011fan il\u00e7esinde yerel sa\u011fanak ya\u011f\u0131\u015f vatanda\u015flar\u0131 serinletti.<\/p>\n<p>Meteorolojinin Ayd\u0131n\u2019\u0131n do\u011fu il\u00e7eleri i\u00e7in sa\u011fanak ya\u011f\u0131\u015f uyar\u0131s\u0131n\u0131n ard\u0131ndan Bozdo\u011fan\u2019da il\u00e7e merkezi ve baz\u0131 mahallelerinde sa\u011fanak ya\u011f\u0131\u015f aral\u0131klarla etkili oldu. B\u00f6lgede devam eden mevsim normalleri \u00fczerindeki hava s\u0131cakl\u0131klar\u0131n\u0131n ard\u0131ndan, g\u00f6r\u00fclen sa\u011fanak ya\u011f\u0131\u015f vatanda\u015flara rahat nefes ald\u0131rd\u0131. Ya\u011f\u0131\u015flar\u0131n ak\u015fam saatlerine kadar aral\u0131klarla yerel olarak etkili olmas\u0131 bekleniyor.<br \/><\/p>\n","protected":false},"excerpt":{"rendered":"<p>Ayd\u0131n\u2019\u0131n Bozdo\u011fan il\u00e7esinde yerel sa\u011fanak ya\u011f\u0131\u015f vatanda\u015flar\u0131 serinletti. Meteorolojinin Ayd\u0131n\u2019\u0131n do\u011fu il\u00e7eleri i\u00e7in sa\u011fanak ya\u011f\u0131\u015f uyar\u0131s\u0131n\u0131n ard\u0131ndan Bozdo\u011fan\u2019da il\u00e7e merkezi ve baz\u0131 mahallelerinde sa\u011fanak ya\u011f\u0131\u015f aral\u0131klarla etkili oldu. B\u00f6lgede devam eden mevsim normalleri \u00fczerindeki hava s\u0131cakl\u0131klar\u0131n\u0131n ard\u0131ndan, g\u00f6r\u00fclen sa\u011fanak ya\u011f\u0131\u015f vatanda\u015flara rahat nefes ald\u0131rd\u0131. Ya\u011f\u0131\u015flar\u0131n ak\u015fam saatlerine kadar aral\u0131klarla yerel olarak etkili olmas\u0131 bekleniyor.<\/p>\n","protected":false},"author":1,"featured_media":42482,"comment_status":"open","ping_status":"open","sticky":false,"template":"","format":"standard","meta":{"_crdt_document":"","footnotes":""},"categories":[1],"tags":[],"class_list":["post-42481","post","type-post","status-publish","format-standard","has-post-thumbnail","hentry","category-guncel"],"_links":{"self":[{"href":"https:\/\/www.egemtv.com\/index.php?rest_route=\/wp\/v2\/posts\/42481","targetHints":{"allow":["GET"]}}],"collection":[{"href":"https:\/\/www.egemtv.com\/index.php?rest_route=\/wp\/v2\/posts"}],"about":[{"href":"https:\/\/www.egemtv.com\/index.php?rest_route=\/wp\/v2\/types\/post"}],"author":[{"embeddable":true,"href":"https:\/\/www.egemtv.com\/index.php?rest_route=\/wp\/v2\/users\/1"}],"replies":[{"embeddable":true,"href":"https:\/\/www.egemtv.com\/index.php?rest_route=%2Fwp%2Fv2%2Fcomments&post=42481"}],"version-history":[{"count":1,"href":"https:\/\/www.egemtv.com\/index.php?rest_route=\/wp\/v2\/posts\/42481\/revisions"}],"predecessor-version":[{"id":42483,"href":"https:\/\/www.egemtv.com\/index.php?rest_route=\/wp\/v2\/posts\/42481\/revisions\/42483"}],"wp:featuredmedia":[{"embeddable":true,"href":"https:\/\/www.egemtv.com\/index.php?rest_route=\/wp\/v2\/media\/42482"}],"wp:attachment":[{"href":"https:\/\/www.egemtv.com\/index.php?rest_route=%2Fwp%2Fv2%2Fmedia&parent=42481"}],"wp:term":[{"taxonomy":"category","embeddable":true,"href":"https:\/\/www.egemtv.com\/index.php?rest_route=%2Fwp%2Fv2%2Fcategories&post=42481"},{"taxonomy":"post_tag","embeddable":true,"href":"https:\/\/www.egemtv.com\/index.php?rest_route=%2Fwp%2Fv2%2Ftags&post=42481"}],"curies":[{"name":"wp","href":"https:\/\/api.w.org\/{rel}","templated":true}]}}