{"id":42478,"date":"2025-07-16T15:56:45","date_gmt":"2025-07-16T12:56:45","guid":{"rendered":"https:\/\/www.egemtv.com\/?p=42478"},"modified":"2025-07-16T15:56:50","modified_gmt":"2025-07-16T12:56:50","slug":"yunusemre-belediyespor-bilardoda-yine-zirvede","status":"publish","type":"post","link":"https:\/\/www.egemtv.com\/?p=42478","title":{"rendered":"Yunusemre Belediyespor bilardoda yine zirvede"},"content":{"rendered":"<p>15 Temmuz Demokrasi ve Milli Birlik G\u00fcn\u00fc kapsam\u0131nda d\u00fczenlenen Bilardo \u015eampiyonas\u0131\u2019nda Yunusemre Belediyesporlu iki sporcu t\u00fcm rakiplerini geride b\u0131rakarak finalde kar\u015f\u0131la\u015ft\u0131. B\u00fcy\u00fck \u00e7eki\u015fme i\u00e7erisinde ge\u00e7en finalde Adnan \u00d6z\u00e7ift\u00e7i\u2019yi 40-36 ma\u011flup eden Bar\u0131\u015f Sa\u011f\u0131ro\u011flu \u015fampiyon oldu.<br \/>\n<br \/>Manisa\u2019da, 15 Temmuz Demokrasi ve Milli Birlik G\u00fcn\u00fc nedeniyle d\u00fczenlenen \u00e7e\u015fitli etkinliklerden biri de \u00dc\u00e7 Bant Bilardo \u015eampiyonas\u0131\u2019yd\u0131. Manisa\u2019n\u0131n t\u00fcm il\u00e7elerinden usta bilardocular\u0131n kat\u0131l\u0131m\u0131yla 75. Y\u0131l Gen\u00e7lik Merkezi\u2019nde ger\u00e7ekle\u015fen turnuvada Yunusemre Belediyesporlu sporcular \u00fcst turlara \u00e7\u0131karak ba\u015far\u0131 g\u00f6sterdi. Bu sporculardan Bar\u0131\u015f Sa\u011f\u0131ro\u011flu ve Adnan \u00d6z\u00e7ift\u00e7i finalde birbirine rakip oldu.<br \/>\n<br \/>\u015eampiyon Bar\u0131\u015f Sa\u011f\u0131ro\u011flu oldu<br \/>\n<br \/>B\u00fcy\u00fck \u00e7eki\u015fme i\u00e7erisinde ge\u00e7en, izleyenlerin b\u00fcy\u00fck heyecan duydu\u011fu final ma\u00e7\u0131nda rakibi Adnan \u00d6z\u00e7ift\u00e7i\u2019yi 40-36 ma\u011flup eden Bar\u0131\u015f Sa\u011f\u0131ro\u011flu \u015fampiyon oldu. Turnuvada \u00fc\u00e7\u00fcnc\u00fcl\u00fc\u011f\u00fc Nasuf Kara ve \u0130lker Temiz payla\u015ft\u0131. Dereceye giren sporculara \u00f6d\u00fclleri verilerek hat\u0131ra foto\u011fraf\u0131 \u00e7ekildi. \u00d6d\u00fcl t\u00f6reninden sonra a\u00e7\u0131klama yapan Yunusemre Belediyespor Ba\u015fkan\u0131 B\u00fclent Kanik, gen\u00e7lerin e\u011fitimine ve spora \u00f6nem veren e\u011fitimci bir belediye ba\u015fkan\u0131 olan Semih Balaban ile \u00e7al\u0131\u015fman\u0131n Yunusemre Belediyespor i\u00e7in de\u011ferinden bahsedip t\u00fcm bran\u015flara oldu\u011fu gibi bilardoya da \u00f6nem verdiklerini, il turnuvalar\u0131 ve T\u00fcrkiye \u015eampiyonalar\u0131nda gelen ba\u015far\u0131lar\u0131n gururunu da doyas\u0131ya ya\u015fad\u0131klar\u0131n\u0131 belirtti.<br \/><\/p>\n","protected":false},"excerpt":{"rendered":"<p>15 Temmuz Demokrasi ve Milli Birlik G\u00fcn\u00fc kapsam\u0131nda d\u00fczenlenen Bilardo \u015eampiyonas\u0131\u2019nda Yunusemre Belediyesporlu iki sporcu t\u00fcm rakiplerini geride b\u0131rakarak finalde kar\u015f\u0131la\u015ft\u0131. B\u00fcy\u00fck \u00e7eki\u015fme i\u00e7erisinde ge\u00e7en finalde Adnan \u00d6z\u00e7ift\u00e7i\u2019yi 40-36 ma\u011flup eden Bar\u0131\u015f Sa\u011f\u0131ro\u011flu \u015fampiyon oldu. Manisa\u2019da, 15 Temmuz Demokrasi ve Milli Birlik G\u00fcn\u00fc nedeniyle d\u00fczenlenen \u00e7e\u015fitli etkinliklerden biri de \u00dc\u00e7 Bant Bilardo \u015eampiyonas\u0131\u2019yd\u0131. Manisa\u2019n\u0131n t\u00fcm&#8230;<\/p>\n","protected":false},"author":1,"featured_media":42479,"comment_status":"open","ping_status":"open","sticky":false,"template":"","format":"standard","meta":{"_crdt_document":"","footnotes":""},"categories":[4],"tags":[],"class_list":["post-42478","post","type-post","status-publish","format-standard","has-post-thumbnail","hentry","category-spor"],"_links":{"self":[{"href":"https:\/\/www.egemtv.com\/index.php?rest_route=\/wp\/v2\/posts\/42478","targetHints":{"allow":["GET"]}}],"collection":[{"href":"https:\/\/www.egemtv.com\/index.php?rest_route=\/wp\/v2\/posts"}],"about":[{"href":"https:\/\/www.egemtv.com\/index.php?rest_route=\/wp\/v2\/types\/post"}],"author":[{"embeddable":true,"href":"https:\/\/www.egemtv.com\/index.php?rest_route=\/wp\/v2\/users\/1"}],"replies":[{"embeddable":true,"href":"https:\/\/www.egemtv.com\/index.php?rest_route=%2Fwp%2Fv2%2Fcomments&post=42478"}],"version-history":[{"count":1,"href":"https:\/\/www.egemtv.com\/index.php?rest_route=\/wp\/v2\/posts\/42478\/revisions"}],"predecessor-version":[{"id":42480,"href":"https:\/\/www.egemtv.com\/index.php?rest_route=\/wp\/v2\/posts\/42478\/revisions\/42480"}],"wp:featuredmedia":[{"embeddable":true,"href":"https:\/\/www.egemtv.com\/index.php?rest_route=\/wp\/v2\/media\/42479"}],"wp:attachment":[{"href":"https:\/\/www.egemtv.com\/index.php?rest_route=%2Fwp%2Fv2%2Fmedia&parent=42478"}],"wp:term":[{"taxonomy":"category","embeddable":true,"href":"https:\/\/www.egemtv.com\/index.php?rest_route=%2Fwp%2Fv2%2Fcategories&post=42478"},{"taxonomy":"post_tag","embeddable":true,"href":"https:\/\/www.egemtv.com\/index.php?rest_route=%2Fwp%2Fv2%2Ftags&post=42478"}],"curies":[{"name":"wp","href":"https:\/\/api.w.org\/{rel}","templated":true}]}}