{"id":42475,"date":"2025-07-16T15:56:41","date_gmt":"2025-07-16T12:56:41","guid":{"rendered":"https:\/\/www.egemtv.com\/?p=42475"},"modified":"2025-07-16T15:56:45","modified_gmt":"2025-07-16T12:56:45","slug":"manisali-gencler-yesil-adimlar-projesi-ile-yurt-disina-acildi","status":"publish","type":"post","link":"https:\/\/www.egemtv.com\/?p=42475","title":{"rendered":"Manisal\u0131 gen\u00e7ler \u2018Ye\u015fil Ad\u0131mlar Projesi\u2019 ile yurt d\u0131\u015f\u0131na a\u00e7\u0131ld\u0131"},"content":{"rendered":"<p>Manisal\u0131 gen\u00e7ler \u2018Ye\u015fil Ad\u0131mlar-Gelece\u011fe D\u00f6n\u00fc\u015f\u00fcm\u2019 Uluslararas\u0131 Hareketlilik Projesi ile fark\u0131ndal\u0131k olu\u015fturdu. Manisa Gen\u00e7lik Spor \u0130l M\u00fcd\u00fcrl\u00fc\u011f\u00fcne ba\u011fl\u0131 \u015eehzadeler Gen\u00e7lik Merkezi\u2019nden 24 gen\u00e7, proje ile Kosova\u2019daki gen\u00e7lerle bulu\u015ftu, geri d\u00f6n\u00fc\u015f\u00fcm alan\u0131ndaki \u00e7al\u0131\u015fmalar\u0131 inceledi ve farkl\u0131 k\u00fclt\u00fcrleri ke\u015ffetme imkan\u0131 yakalad\u0131.<br \/>\n<br \/>Gen\u00e7lik ve Spor Bakanl\u0131\u011f\u0131n\u0131n Uluslararas\u0131 Hareketlilik Projeleri ile Manisal\u0131 gen\u00e7ler yurt d\u0131\u015f\u0131na a\u00e7\u0131ld\u0131. &#8220;Ye\u015fil Ad\u0131mlar-Gelece\u011fe D\u00f6n\u00fc\u015f\u00fcm&#8221; Projesi, Gen\u00e7lik ve Spor Bakanl\u0131\u011f\u0131n\u0131n hibe deste\u011fi ile hayata ge\u00e7ti. Manisa Gen\u00e7lik ve Spor \u0130l M\u00fcd\u00fcrl\u00fc\u011f\u00fcne ba\u011fl\u0131 \u015eehzadeler Gen\u00e7lik Merkezi, haz\u0131rlad\u0131\u011f\u0131 Uluslararas\u0131 Hareketlilik Projesi ile ye\u015fil becerilere dikkat \u00e7ekti ve geri d\u00f6n\u00fc\u015f\u00fcm\u00fcn \u00f6nemine vurgu yapt\u0131. Proje kapsam\u0131nda Manisa\u2019daki 24 gen\u00e7 Kosova\u2019ya giderek oradaki gen\u00e7lerle bulu\u015ftu ve \u00e7evre fark\u0131ndal\u0131\u011f\u0131, geri d\u00f6n\u00fc\u015f\u00fcm, ye\u015fil beceriler, k\u00fclt\u00fcrler aras\u0131 etkile\u015fim alanlar\u0131nda payla\u015f\u0131mlarla bulundu.<\/p>\n<p>\u0130lk kez yurt d\u0131\u015f\u0131na \u00e7\u0131kt\u0131lar<br \/>\n<br \/>Proje ile bir\u00e7ok gen\u00e7 ilk kez yurt d\u0131\u015f\u0131na \u00e7\u0131kma f\u0131rsat\u0131 da yakalam\u0131\u015f oldu. T\u00fcrkiye-Balkanlarda ya\u015fayan gen\u00e7ler aras\u0131nda k\u00fclt\u00fcrel ve sosyal ba\u011flar\u0131 g\u00fc\u00e7lendirmeyi ama\u00e7layan projede, gen\u00e7lerin farkl\u0131 k\u00fclt\u00fcrleri tan\u0131mas\u0131, ortak de\u011ferler etraf\u0131nda bulu\u015fmas\u0131 ve b\u00f6lgesel i\u015f birli\u011finin art\u0131r\u0131lmas\u0131 hedeflendi. Gen\u00e7ler proje kapsam\u0131nda Selanik Atat\u00fcrk Evi\u2019ni ziyaret etti, Osmanl\u0131 d\u00f6neminde kalan tarihi eserleri ve \u00e7evre g\u00fczelliklerini de ke\u015ffetti. Pri\u015ftine B\u00fcy\u00fckel\u00e7isi Sabri Tun\u00e7 Ang\u0131l\u0131, Kosova B\u00f6lgesi Kalk\u0131nma Bakan\u0131 Fikrim Damka, Yunusemre Enstit\u00fcs\u00fc, Vusthrri Belediyesi, Mamu\u015fa Belediyesi ziyaretlerini ger\u00e7ekle\u015ftiren heyet, T\u00fcrkiye\u2019den getirdi\u011fi \u00e7e\u015fitli hediyeleri takdim etti.<\/p>\n<p>At\u00f6lye \u00e7al\u0131\u015fmalar\u0131 d\u00fczenlendi<br \/>\n<br \/>Proje kapsam\u0131nda geri d\u00f6n\u00fc\u015f\u00fcm\u00fcn \u00f6nemine dikkat \u00e7ekilirken, Manisal\u0131 gen\u00e7ler at\u0131k malzemeleri kullanarak ortaya \u00e7\u0131kard\u0131klar\u0131 birbirinden g\u00fczel \u00e7antalar\u0131 sergileme imkan\u0131 buldu. D\u00fczenlenen at\u00f6lye \u00e7al\u0131\u015fmas\u0131 ile Kosova\u2019daki gen\u00e7lere de at\u0131k malzemeleri nas\u0131l de\u011ferlendirecekleri anlat\u0131ld\u0131. \u00c7evre temizli\u011fi yap\u0131p fidan diken gen\u00e7ler, iklim de\u011fi\u015fikli\u011fi ve geri d\u00f6n\u00fc\u015f\u00fcm konular\u0131nda fark\u0131ndal\u0131k kazand\u0131. Uluslararas\u0131 hareketlilik projesi ile Kosova\u2019ya giden gen\u00e7lerden Sena Y\u00fcksel, ilk kez yurt d\u0131\u015f\u0131na \u00e7\u0131kman\u0131n heyecan\u0131n\u0131 ya\u015fad\u0131\u011f\u0131n\u0131 ve \u00e7ok g\u00fczel bir deneyim kazand\u0131\u011f\u0131n\u0131 s\u00f6yledi. Sena Y\u00fcksel, Kosova\u2019daki ya\u015f\u0131tlar\u0131 ile bulu\u015ftuklar\u0131n\u0131, geri d\u00f6n\u00fc\u015f\u00fcm alan\u0131ndaki yapt\u0131klar\u0131 \u00e7al\u0131\u015fmalar\u0131 anlatarak \u00f6rnek olduklar\u0131n\u0131 belirtip, &#8220;Biz de onlardan \u00e7ok \u015fey \u00f6\u011frendik. \u00c7evre konular\u0131n\u0131n, geri d\u00f6n\u00fc\u015f\u00fcm\u00fcn \u00e7ok \u00f6nemli oldu\u011funun fark\u0131nday\u0131z, bu konular\u0131 ba\u015fka bir \u00fclkede konu\u015fmak, farkl\u0131 gen\u00e7lerle ileti\u015fim kurmak bize \u00e7ok \u015fey katt\u0131. Ayn\u0131 zamanda Balkanlar\u2019daki soyda\u015flar\u0131m\u0131zla bulu\u015ftuk, Osmanl\u0131 d\u00f6neminden kalan bir\u00e7ok tarihi yap\u0131y\u0131 ziyaret ettik&#8221; diye konu\u015ftu.<br \/><\/p>\n","protected":false},"excerpt":{"rendered":"<p>Manisal\u0131 gen\u00e7ler \u2018Ye\u015fil Ad\u0131mlar-Gelece\u011fe D\u00f6n\u00fc\u015f\u00fcm\u2019 Uluslararas\u0131 Hareketlilik Projesi ile fark\u0131ndal\u0131k olu\u015fturdu. Manisa Gen\u00e7lik Spor \u0130l M\u00fcd\u00fcrl\u00fc\u011f\u00fcne ba\u011fl\u0131 \u015eehzadeler Gen\u00e7lik Merkezi\u2019nden 24 gen\u00e7, proje ile Kosova\u2019daki gen\u00e7lerle bulu\u015ftu, geri d\u00f6n\u00fc\u015f\u00fcm alan\u0131ndaki \u00e7al\u0131\u015fmalar\u0131 inceledi ve farkl\u0131 k\u00fclt\u00fcrleri ke\u015ffetme imkan\u0131 yakalad\u0131. Gen\u00e7lik ve Spor Bakanl\u0131\u011f\u0131n\u0131n Uluslararas\u0131 Hareketlilik Projeleri ile Manisal\u0131 gen\u00e7ler yurt d\u0131\u015f\u0131na a\u00e7\u0131ld\u0131. &#8220;Ye\u015fil Ad\u0131mlar-Gelece\u011fe D\u00f6n\u00fc\u015f\u00fcm&#8221; Projesi,&#8230;<\/p>\n","protected":false},"author":1,"featured_media":42476,"comment_status":"open","ping_status":"open","sticky":false,"template":"","format":"standard","meta":{"_crdt_document":"","footnotes":""},"categories":[123],"tags":[],"class_list":["post-42475","post","type-post","status-publish","format-standard","has-post-thumbnail","hentry","category-gundem"],"_links":{"self":[{"href":"https:\/\/www.egemtv.com\/index.php?rest_route=\/wp\/v2\/posts\/42475","targetHints":{"allow":["GET"]}}],"collection":[{"href":"https:\/\/www.egemtv.com\/index.php?rest_route=\/wp\/v2\/posts"}],"about":[{"href":"https:\/\/www.egemtv.com\/index.php?rest_route=\/wp\/v2\/types\/post"}],"author":[{"embeddable":true,"href":"https:\/\/www.egemtv.com\/index.php?rest_route=\/wp\/v2\/users\/1"}],"replies":[{"embeddable":true,"href":"https:\/\/www.egemtv.com\/index.php?rest_route=%2Fwp%2Fv2%2Fcomments&post=42475"}],"version-history":[{"count":1,"href":"https:\/\/www.egemtv.com\/index.php?rest_route=\/wp\/v2\/posts\/42475\/revisions"}],"predecessor-version":[{"id":42477,"href":"https:\/\/www.egemtv.com\/index.php?rest_route=\/wp\/v2\/posts\/42475\/revisions\/42477"}],"wp:featuredmedia":[{"embeddable":true,"href":"https:\/\/www.egemtv.com\/index.php?rest_route=\/wp\/v2\/media\/42476"}],"wp:attachment":[{"href":"https:\/\/www.egemtv.com\/index.php?rest_route=%2Fwp%2Fv2%2Fmedia&parent=42475"}],"wp:term":[{"taxonomy":"category","embeddable":true,"href":"https:\/\/www.egemtv.com\/index.php?rest_route=%2Fwp%2Fv2%2Fcategories&post=42475"},{"taxonomy":"post_tag","embeddable":true,"href":"https:\/\/www.egemtv.com\/index.php?rest_route=%2Fwp%2Fv2%2Ftags&post=42475"}],"curies":[{"name":"wp","href":"https:\/\/api.w.org\/{rel}","templated":true}]}}