{"id":42304,"date":"2025-07-16T00:56:40","date_gmt":"2025-07-15T21:56:40","guid":{"rendered":"https:\/\/www.egemtv.com\/?p=42304"},"modified":"2025-07-16T00:56:45","modified_gmt":"2025-07-15T21:56:45","slug":"demircide-demokrasi-nobeti","status":"publish","type":"post","link":"https:\/\/www.egemtv.com\/?p=42304","title":{"rendered":"Demirci\u2019de demokrasi n\u00f6beti"},"content":{"rendered":"<p>Manisa\u2019n\u0131n Demirci il\u00e7esinde 15 Temmuz Demokrasi ve Milli Birlik G\u00fcn\u00fc \u00e7e\u015fitli etkinlikler, y\u00fcr\u00fcy\u00fc\u015f ve demokrasi n\u00f6beti ile ger\u00e7ekle\u015ftirildi.<br \/>\n<br \/>Demirci\u2019de ilk olarak Kaymakam Fatih Bayram, Belediye Ba\u015fkan\u0131 Erkan Kara, gaziler ve beraberindeki il\u00e7e protokol\u00fc \u015fehit kabirlerini ziyaret ederek karanfil b\u0131rakt\u0131.<br \/>\n<br \/>\u00d6\u011fle namaz\u0131nda yap\u0131lan mevlid-i \u015ferifin ard\u0131ndan Kaymakam Fatih Bayram ve Belediye Ba\u015fkan\u0131 Erkan taraf\u0131ndan, 15 Temmuz Demokrasi ve Milli Birlik G\u00fcn\u00fc Foto\u011fraf Sergisi\u2019nin a\u00e7\u0131l\u0131\u015f\u0131 yap\u0131ld\u0131.<br \/>\n<br \/>Kaymakam Bayram, Ba\u015fkan Erkan Kara ve vatanda\u015flar foto\u011fraf sergisini birlikte gezdi.<br \/>\n<br \/>\u0130l\u00e7ede 15 Temmuz Demokrasi ve Milli Birlik G\u00fcn\u00fc etkinlikleri kapsam\u0131nda Kaymakaml\u0131k \u00f6n\u00fcnden yeni belediye hizmet binas\u0131 \u00f6n\u00fcne kadar bir de y\u00fcr\u00fcy\u00fc\u015f d\u00fczenlendi. Y\u00fcr\u00fcy\u00fc\u015fte \u0130l\u00e7e halk\u0131 ve gen\u00e7ler 200 metre uzunlu\u011funda dev T\u00fcrk bayra\u011f\u0131 a\u00e7arak y\u00fcr\u00fcd\u00fc.<br \/>\n<br \/>Y\u00fcr\u00fcy\u00fc\u015f \u00f6ncesi Demirci Belediyesi taraf\u0131ndan vatanda\u015flara bayrak hediye edildi.<br \/>\n<br \/>Demirci Belediyesi \u00f6n\u00fcnde ger\u00e7ekle\u015ftirilen Demokrasi N\u00f6betinde Kur\u2019an-\u0131 Kerim tilaveti ve dualar okunurken, il\u00e7edeki m\u00fczik \u00f6\u011fretmenleri taraf\u0131ndan da kahramanl\u0131k t\u00fcrk\u00fcleri seslendirildi.<br \/>\n<br \/>Demirci Kaymakam\u0131 Fatih Bayram ve Belediye Ba\u015fkan\u0131 Erkan Kara 15 Temmuz Demokrasi N\u00f6betinde g\u00fcn\u00fcn anlam ve \u00f6nemini belirten konu\u015fma ger\u00e7ekle\u015ftirdi.<br \/><\/p>\n","protected":false},"excerpt":{"rendered":"<p>Manisa\u2019n\u0131n Demirci il\u00e7esinde 15 Temmuz Demokrasi ve Milli Birlik G\u00fcn\u00fc \u00e7e\u015fitli etkinlikler, y\u00fcr\u00fcy\u00fc\u015f ve demokrasi n\u00f6beti ile ger\u00e7ekle\u015ftirildi. Demirci\u2019de ilk olarak Kaymakam Fatih Bayram, Belediye Ba\u015fkan\u0131 Erkan Kara, gaziler ve beraberindeki il\u00e7e protokol\u00fc \u015fehit kabirlerini ziyaret ederek karanfil b\u0131rakt\u0131. \u00d6\u011fle namaz\u0131nda yap\u0131lan mevlid-i \u015ferifin ard\u0131ndan Kaymakam Fatih Bayram ve Belediye Ba\u015fkan\u0131 Erkan taraf\u0131ndan, 15 Temmuz&#8230;<\/p>\n","protected":false},"author":1,"featured_media":42305,"comment_status":"open","ping_status":"open","sticky":false,"template":"","format":"standard","meta":{"_crdt_document":"","footnotes":""},"categories":[1],"tags":[],"class_list":["post-42304","post","type-post","status-publish","format-standard","has-post-thumbnail","hentry","category-guncel"],"_links":{"self":[{"href":"https:\/\/www.egemtv.com\/index.php?rest_route=\/wp\/v2\/posts\/42304","targetHints":{"allow":["GET"]}}],"collection":[{"href":"https:\/\/www.egemtv.com\/index.php?rest_route=\/wp\/v2\/posts"}],"about":[{"href":"https:\/\/www.egemtv.com\/index.php?rest_route=\/wp\/v2\/types\/post"}],"author":[{"embeddable":true,"href":"https:\/\/www.egemtv.com\/index.php?rest_route=\/wp\/v2\/users\/1"}],"replies":[{"embeddable":true,"href":"https:\/\/www.egemtv.com\/index.php?rest_route=%2Fwp%2Fv2%2Fcomments&post=42304"}],"version-history":[{"count":1,"href":"https:\/\/www.egemtv.com\/index.php?rest_route=\/wp\/v2\/posts\/42304\/revisions"}],"predecessor-version":[{"id":42306,"href":"https:\/\/www.egemtv.com\/index.php?rest_route=\/wp\/v2\/posts\/42304\/revisions\/42306"}],"wp:featuredmedia":[{"embeddable":true,"href":"https:\/\/www.egemtv.com\/index.php?rest_route=\/wp\/v2\/media\/42305"}],"wp:attachment":[{"href":"https:\/\/www.egemtv.com\/index.php?rest_route=%2Fwp%2Fv2%2Fmedia&parent=42304"}],"wp:term":[{"taxonomy":"category","embeddable":true,"href":"https:\/\/www.egemtv.com\/index.php?rest_route=%2Fwp%2Fv2%2Fcategories&post=42304"},{"taxonomy":"post_tag","embeddable":true,"href":"https:\/\/www.egemtv.com\/index.php?rest_route=%2Fwp%2Fv2%2Ftags&post=42304"}],"curies":[{"name":"wp","href":"https:\/\/api.w.org\/{rel}","templated":true}]}}