{"id":42301,"date":"2025-07-16T00:20:08","date_gmt":"2025-07-15T21:20:08","guid":{"rendered":"https:\/\/www.egemtv.com\/?p=42301"},"modified":"2025-07-16T00:20:12","modified_gmt":"2025-07-15T21:20:12","slug":"vali-canbolat-15-temmuzda-milletimiz-bir-demokrasi-zaferine-daha-imza-atti","status":"publish","type":"post","link":"https:\/\/www.egemtv.com\/?p=42301","title":{"rendered":"Vali Canbolat: &#8220;15 Temmuz\u2019da milletimiz bir demokrasi zaferine daha imza att\u0131&#8221;"},"content":{"rendered":"<p>Ayd\u0131n\u2019da d\u00fczenlenen \u201915 Temmuz Demokrasi ve Milli Birlik G\u00fcn\u00fc\u2019 program\u0131na kat\u0131lan Ayd\u0131n Valisi Yakup Canbolat, &#8220;15 Temmuz\u2019da halk\u0131m\u0131z Cumhurba\u015fkan\u0131m\u0131z Recep Tayyip Erdo\u011fan\u2019\u0131n \u00e7a\u011fr\u0131s\u0131na cevap olarak can\u0131 pahas\u0131na meydanlara indi. Bir an bile can\u0131n\u0131 d\u00fc\u015f\u00fcnmeden \u015fehit veya gazi oldu. Darbeyi bozguna u\u011fratt\u0131. B\u00f6ylece milletimiz bir demokrasi zaferine daha imza atm\u0131\u015f oldu&#8221; dedi.<\/p>\n<p>Ayd\u0131n Valili\u011fi taraf\u0131ndan d\u00fczenlenen etkinlikler \u00e7er\u00e7evesinde hain darbe giri\u015fiminin 9\u2019uncu y\u0131l d\u00f6n\u00fcm\u00fcnde \u015fehit d\u00fc\u015fen kahramanlar an\u0131ld\u0131. Vali Yakup Canbolat, protokol \u00fcyeleri ve vatanda\u015flar\u0131n kat\u0131ld\u0131\u011f\u0131 program sayg\u0131 duru\u015fu ve \u0130stiklal Mar\u015f\u0131\u2019n\u0131n okunmas\u0131 ile ba\u015flad\u0131. Kuran-\u0131 Kerim tilavetinin ard\u0131ndan Ayd\u0131n Valisi Yakup Canbolat g\u00fcn\u00fcn anlam ve \u00f6nemini belirten konu\u015fma yapt\u0131.<\/p>\n<p>Vali Canbolat, &#8220;952 y\u0131l \u00f6nce Malazgirt\u2019te, 724 y\u0131l \u00f6nce S\u00f6\u011f\u00fct\u2019te, 570 y\u0131l \u00f6nce \u0130stanbul\u2019da, 108 y\u0131l \u00f6nce de hem Kurtulu\u015f Sava\u015f\u0131\u2019nda hem de \u00c7anakkale\u2019de vatan ve millet a\u015fk\u0131yla birlik ruhuyla nice destanlar yazan tarihini alt\u0131n harflerle bezeyen karakteri ba\u011f\u0131ms\u0131zl\u0131k olan bir ecdad\u0131n evlatlar\u0131 ve miras\u00e7\u0131lar\u0131y\u0131z. 15 Temmuz\u2019da yap\u0131lmak istenen darbe te\u015febb\u00fcs\u00fcn\u00fc de yine birlik ve beraberlik ruhuyla bertaraf ettik. Vatan ve millet s\u00f6z konusu oldu\u011funda, milletin birlik ve beraberli\u011fi u\u011fruna verilen bu destans\u0131 m\u00fccadele t\u00fcm d\u00fcnyaya verilen en net mesaj olmu\u015ftur.  Bundan 9 y\u0131l \u00f6nce 15 Temmuz\u2019da devletin i\u00e7inde yuvalanan FET\u00d6 ihanet \u00e7etesi, milletin tank\u0131n\u0131 ve t\u00fcfe\u011fini milletin \u00fczerine \u00e7evirmi\u015f ve nice canlara kastetmi\u015fti. G\u00f6z\u00fc d\u00f6nm\u00fc\u015f ter\u00f6r \u00f6rg\u00fct\u00fc \u00fcyeleri gazi meclisimiz ile di\u011fer bir\u00e7ok kritik tesis ve meydanlara dolan halk\u0131n \u00fczerine bomba ve mermiler ya\u011fd\u0131rm\u0131\u015ft\u0131. Ancak milletin s\u00f6yleyecek bir s\u00f6z\u00fc daha vard\u0131. Halk\u0131m\u0131z Cumhurba\u015fkan\u0131m\u0131z Recep Tayyip Erdo\u011fan\u2019\u0131n \u00e7a\u011fr\u0131s\u0131na cevap olarak can\u0131 pahas\u0131na meydanlara indi. Bir an bile can\u0131n\u0131 d\u00fc\u015f\u00fcnmeden \u015fehit veya gazi oldu. Darbeyi bozguna u\u011fratt\u0131. B\u00f6ylece milletimiz bir demokrasi zaferine daha imza atm\u0131\u015f oldu. \u0130nanc\u0131n\u0131, h\u00fcrriyetini, vatan\u0131n\u0131, istiklal ve istikbalini her \u015feyin \u00fczerinde tutan aziz milletimiz FET\u00d6 ter\u00f6r \u00f6rg\u00fct\u00fcn\u00fcn hain darbe te\u015febb\u00fcs\u00fcne kar\u015f\u0131 verdi\u011fi destans\u0131 m\u00fccadele ile bir kez daha t\u00fcm d\u00fcnyaya \u2019sak\u0131n bize dokunmay\u0131n, dostlu\u011fumuzu tercih eden bizden emin, d\u00fc\u015fmanl\u0131\u011f\u0131m\u0131z\u0131 tercih eden ise rezil olur\u2019 mesaj\u0131n\u0131 verdi&#8221; dedi.<\/p>\n<p>T\u00fcrk milletinin hi\u00e7bir vakit i\u015fgallere, y\u0131k\u0131mlara  ve darbelere boyun e\u011fmedi\u011fini hat\u0131rlatan Vali Canbolat, &#8220;O karanl\u0131k gecede millet olarak verdi\u011fimiz m\u00fccadele ezelden beri h\u00fcr ya\u015fayan ve h\u00fcr olmay\u0131 karakteri haline getiren T\u00fcrk milletinin hi\u00e7bir vakit i\u015fgallere, y\u0131k\u0131mlara  ve darbelere boyun e\u011fmedi\u011finin ve e\u011fmeyece\u011finin en net bi\u00e7imde ifadesidir. Bu kahramanl\u0131k destan\u0131nda her birimi ve her ferdi ile, onurlu ve dik duru\u015f i\u00e7erisinde yer alan, vatan\u0131na, milletine ve bayra\u011f\u0131na hayat\u0131 pahas\u0131na sahip \u00e7\u0131kan siz de\u011ferli hem\u015fehrilerimiz ile bizler de gurur duyduk, \u015feref duyduk. Ba\u015fta bize bu \u00fclkeyi emanet eden Gazi Mustafa Kemal Atat\u00fcrk\u2019\u00fc \u015f\u00fckran ve minnetle anarken, 15 Temmuz \u015fehitlerimize ve tarih boyunca ortak mukaddes de\u011ferlerimiz u\u011fruna canlar\u0131n\u0131 feda eden t\u00fcm \u015fehitlerimize Allah\u2019tan rahmet diliyorum. 15 Temmuz\u2019u unutmayan ve unutturmayan bu alana te\u015frif eden siz Ayd\u0131nl\u0131 hem\u015fehrilerimize sevgi ve sayg\u0131lar\u0131m\u0131 sunuyorum. Allah birli\u011fimizi ve dirli\u011fimizi daim etsin in\u015fallah&#8221; diye konu\u015ftu.<\/p>\n<p>Vali Canbolat\u2019\u0131n konu\u015fmas\u0131n\u0131n ard\u0131ndan \u00e7e\u015fitli etkinlikler ile devam eden program gece boyunca 15 Temmuz videolar\u0131 e\u015fli\u011finde temsili n\u00f6bet tutulmas\u0131 ile son bulacak.<br \/><\/p>\n","protected":false},"excerpt":{"rendered":"<p>Ayd\u0131n\u2019da d\u00fczenlenen \u201915 Temmuz Demokrasi ve Milli Birlik G\u00fcn\u00fc\u2019 program\u0131na kat\u0131lan Ayd\u0131n Valisi Yakup Canbolat, &#8220;15 Temmuz\u2019da halk\u0131m\u0131z Cumhurba\u015fkan\u0131m\u0131z Recep Tayyip Erdo\u011fan\u2019\u0131n \u00e7a\u011fr\u0131s\u0131na cevap olarak can\u0131 pahas\u0131na meydanlara indi. Bir an bile can\u0131n\u0131 d\u00fc\u015f\u00fcnmeden \u015fehit veya gazi oldu. Darbeyi bozguna u\u011fratt\u0131. B\u00f6ylece milletimiz bir demokrasi zaferine daha imza atm\u0131\u015f oldu&#8221; dedi. Ayd\u0131n Valili\u011fi taraf\u0131ndan d\u00fczenlenen&#8230;<\/p>\n","protected":false},"author":1,"featured_media":42302,"comment_status":"open","ping_status":"open","sticky":false,"template":"","format":"standard","meta":{"_crdt_document":"","footnotes":""},"categories":[1],"tags":[],"class_list":["post-42301","post","type-post","status-publish","format-standard","has-post-thumbnail","hentry","category-guncel"],"_links":{"self":[{"href":"https:\/\/www.egemtv.com\/index.php?rest_route=\/wp\/v2\/posts\/42301","targetHints":{"allow":["GET"]}}],"collection":[{"href":"https:\/\/www.egemtv.com\/index.php?rest_route=\/wp\/v2\/posts"}],"about":[{"href":"https:\/\/www.egemtv.com\/index.php?rest_route=\/wp\/v2\/types\/post"}],"author":[{"embeddable":true,"href":"https:\/\/www.egemtv.com\/index.php?rest_route=\/wp\/v2\/users\/1"}],"replies":[{"embeddable":true,"href":"https:\/\/www.egemtv.com\/index.php?rest_route=%2Fwp%2Fv2%2Fcomments&post=42301"}],"version-history":[{"count":1,"href":"https:\/\/www.egemtv.com\/index.php?rest_route=\/wp\/v2\/posts\/42301\/revisions"}],"predecessor-version":[{"id":42303,"href":"https:\/\/www.egemtv.com\/index.php?rest_route=\/wp\/v2\/posts\/42301\/revisions\/42303"}],"wp:featuredmedia":[{"embeddable":true,"href":"https:\/\/www.egemtv.com\/index.php?rest_route=\/wp\/v2\/media\/42302"}],"wp:attachment":[{"href":"https:\/\/www.egemtv.com\/index.php?rest_route=%2Fwp%2Fv2%2Fmedia&parent=42301"}],"wp:term":[{"taxonomy":"category","embeddable":true,"href":"https:\/\/www.egemtv.com\/index.php?rest_route=%2Fwp%2Fv2%2Fcategories&post=42301"},{"taxonomy":"post_tag","embeddable":true,"href":"https:\/\/www.egemtv.com\/index.php?rest_route=%2Fwp%2Fv2%2Ftags&post=42301"}],"curies":[{"name":"wp","href":"https:\/\/api.w.org\/{rel}","templated":true}]}}