{"id":42298,"date":"2025-07-16T00:20:03","date_gmt":"2025-07-15T21:20:03","guid":{"rendered":"https:\/\/www.egemtv.com\/?p=42298"},"modified":"2025-07-16T00:20:08","modified_gmt":"2025-07-15T21:20:08","slug":"vali-yigitbasi-15-temmuz-milli-birlik-manifestosudur","status":"publish","type":"post","link":"https:\/\/www.egemtv.com\/?p=42298","title":{"rendered":"Vali Yi\u011fitba\u015f\u0131: &#8220;15 Temmuz milli birlik manifestosudur&#8221;"},"content":{"rendered":"<p>Afyonkarahisar Valisi K\u00fcbra G\u00fcran Yi\u011fitba\u015f\u0131, &#8220;15 Temmuz bir demokrasi zaferi olman\u0131n yan\u0131 s\u0131ra milletimizin ba\u011f\u0131ms\u0131zl\u0131k tutkusunun birlik ruhunun ve \u00f6zg\u00fcrl\u00fck iradesinin yeniden hayk\u0131r\u0131ld\u0131\u011f\u0131 adeta bir milli birlik manifestosudur&#8221; dedi.<br \/>\n<br \/>Afyonkarahisar\u2019da 15 Temmuz Demokrasi ve Milli Birlik G\u00fcn\u00fc dolay\u0131s\u0131yla bir etkinlik ger\u00e7ekle\u015ftirildi. Etkinlik Zafer Meydan\u0131nda yap\u0131ld\u0131. Program mehter tak\u0131m\u0131n\u0131n g\u00f6sterisiyle ba\u015flad\u0131. Ard\u0131ndan milli sporcular, sancak ko\u015fusuyla getirdikleri T\u00fcrk bayra\u011f\u0131n\u0131, Vali Yi\u011fitba\u015f\u0131\u2019na teslim etti. Sayg\u0131 duru\u015funda bulunulmas\u0131, \u0130stiklal Mar\u015f\u0131 okunmas\u0131 ve Kur\u2019an-\u0131 Kerim tilavetinin ard\u0131ndan, \u0130l M\u00fcft\u00fcs\u00fc L\u00fctf\u00fc \u0130mamo\u011flu taraf\u0131ndan \u015fehitlere dua edildi.<br \/>\n<br \/>Ger\u00e7ekle\u015ftirilen programda konu\u015fan Vali Yi\u011fitba\u015f\u0131 15 Temmuz\u2019un \u00f6nemine dikkat \u00e7ekerek, Bu milletin \u00c7anakkale\u2019den Kurtulu\u015f Sava\u015f\u0131\u2019na oradan15 Temmuz\u2019a uzanan engin vatan a\u015fk\u0131n\u0131n ve k\u00f6kl\u00fc iman\u0131n\u0131n bir kez daha alevlendi\u011fi bir g\u00fcn oldu\u011funu vurgulad\u0131. Yi\u011fitba\u015f\u0131, &#8220;15 Temmuz bir demokrasi zaferi olman\u0131n yan\u0131 s\u0131ra milletimizin ba\u011f\u0131ms\u0131zl\u0131k tutkusunun birlik ruhunun ve \u00f6zg\u00fcrl\u00fck iradesinin yeniden hayk\u0131r\u0131ld\u0131\u011f\u0131 adeta bir milli birlik manifestosudur. Bu duygu ve bilin\u00e7le 15 Temmuz \u00c7anakkale\u2019deki ruhun ve Kurtulu\u015f Sava\u015f\u0131\u2019ndaki sars\u0131lmaz azmin yeniden canland\u0131\u011f\u0131 bir dirili\u015f gecesi olmu\u015ftur&#8221; dedi.<br \/>\n<br \/>Programa, protokol\u00fc \u00fcyeleri ile birlikte milletvekilleri de kat\u0131ld\u0131.<br \/><\/p>\n","protected":false},"excerpt":{"rendered":"<p>Afyonkarahisar Valisi K\u00fcbra G\u00fcran Yi\u011fitba\u015f\u0131, &#8220;15 Temmuz bir demokrasi zaferi olman\u0131n yan\u0131 s\u0131ra milletimizin ba\u011f\u0131ms\u0131zl\u0131k tutkusunun birlik ruhunun ve \u00f6zg\u00fcrl\u00fck iradesinin yeniden hayk\u0131r\u0131ld\u0131\u011f\u0131 adeta bir milli birlik manifestosudur&#8221; dedi. Afyonkarahisar\u2019da 15 Temmuz Demokrasi ve Milli Birlik G\u00fcn\u00fc dolay\u0131s\u0131yla bir etkinlik ger\u00e7ekle\u015ftirildi. Etkinlik Zafer Meydan\u0131nda yap\u0131ld\u0131. Program mehter tak\u0131m\u0131n\u0131n g\u00f6sterisiyle ba\u015flad\u0131. Ard\u0131ndan milli sporcular, sancak ko\u015fusuyla&#8230;<\/p>\n","protected":false},"author":1,"featured_media":42299,"comment_status":"open","ping_status":"open","sticky":false,"template":"","format":"standard","meta":{"_crdt_document":"","footnotes":""},"categories":[1],"tags":[],"class_list":["post-42298","post","type-post","status-publish","format-standard","has-post-thumbnail","hentry","category-guncel"],"_links":{"self":[{"href":"https:\/\/www.egemtv.com\/index.php?rest_route=\/wp\/v2\/posts\/42298","targetHints":{"allow":["GET"]}}],"collection":[{"href":"https:\/\/www.egemtv.com\/index.php?rest_route=\/wp\/v2\/posts"}],"about":[{"href":"https:\/\/www.egemtv.com\/index.php?rest_route=\/wp\/v2\/types\/post"}],"author":[{"embeddable":true,"href":"https:\/\/www.egemtv.com\/index.php?rest_route=\/wp\/v2\/users\/1"}],"replies":[{"embeddable":true,"href":"https:\/\/www.egemtv.com\/index.php?rest_route=%2Fwp%2Fv2%2Fcomments&post=42298"}],"version-history":[{"count":1,"href":"https:\/\/www.egemtv.com\/index.php?rest_route=\/wp\/v2\/posts\/42298\/revisions"}],"predecessor-version":[{"id":42300,"href":"https:\/\/www.egemtv.com\/index.php?rest_route=\/wp\/v2\/posts\/42298\/revisions\/42300"}],"wp:featuredmedia":[{"embeddable":true,"href":"https:\/\/www.egemtv.com\/index.php?rest_route=\/wp\/v2\/media\/42299"}],"wp:attachment":[{"href":"https:\/\/www.egemtv.com\/index.php?rest_route=%2Fwp%2Fv2%2Fmedia&parent=42298"}],"wp:term":[{"taxonomy":"category","embeddable":true,"href":"https:\/\/www.egemtv.com\/index.php?rest_route=%2Fwp%2Fv2%2Fcategories&post=42298"},{"taxonomy":"post_tag","embeddable":true,"href":"https:\/\/www.egemtv.com\/index.php?rest_route=%2Fwp%2Fv2%2Ftags&post=42298"}],"curies":[{"name":"wp","href":"https:\/\/api.w.org\/{rel}","templated":true}]}}