{"id":42295,"date":"2025-07-15T23:37:21","date_gmt":"2025-07-15T20:37:21","guid":{"rendered":"https:\/\/www.egemtv.com\/?p=42295"},"modified":"2025-07-15T23:37:26","modified_gmt":"2025-07-15T20:37:26","slug":"kutahyada-15-temmuz-demokrasi-ve-milli-birlik-gunu-yuruyusu","status":"publish","type":"post","link":"https:\/\/www.egemtv.com\/?p=42295","title":{"rendered":"K\u00fctahya\u2019da &#8220;15 Temmuz Demokrasi ve Milli Birlik G\u00fcn\u00fc&#8221; y\u00fcr\u00fcy\u00fc\u015f\u00fc"},"content":{"rendered":"<p>&#8220;15 Temmuz Demokrasi ve Milli Birlik G\u00fcn\u00fc&#8221; kapsam\u0131nda K\u00fctahya\u2019da y\u00fcr\u00fcy\u00fc\u015f d\u00fczenlendi.<br \/>\n<br \/>Vali Musa I\u015f\u0131n\u2019\u0131n kat\u0131l\u0131m\u0131yla d\u00fczenlenen y\u00fcr\u00fcy\u00fc\u015f, mehter tak\u0131m\u0131 e\u015fli\u011finde Ulu Cami \u00f6n\u00fcnden ba\u015flayarak Zafer Meydan\u0131\u2019nda sona erdi. Ellerinde dev T\u00fcrk bayraklar\u0131 ta\u015f\u0131yan vatanda\u015flar, y\u00fcr\u00fcy\u00fc\u015f boyunca demokrasiye ve milli iradeye sahip \u00e7\u0131kma kararl\u0131l\u0131klar\u0131n\u0131 bir kez daha g\u00fc\u00e7l\u00fc \u015fekilde g\u00f6sterdi.<br \/>\n<br \/>Y\u00fcr\u00fcy\u00fc\u015fe; AK Parti K\u00fctahya Milletvekilleri \u0130smail \u00c7a\u011flar Bay\u0131rc\u0131 ve Mehmet Demir, Hava Er E\u011fitim Tugay\u0131 ve Garnizon Komutan Vekili Hava Piyade Albay Harun Humbarac\u0131, K\u00fctahya Belediye Ba\u015fkan\u0131 Ey\u00fcp Kahveci, K\u00fctahya Cumhuriyet Ba\u015fsavc\u0131s\u0131 Mehmet Uzun, Dumlup\u0131nar \u00dcniversitesi Rekt\u00f6r\u00fc Prof. Dr. S\u00fcleyman K\u0131z\u0131ltoprak, K\u00fctahya Sa\u011fl\u0131k Bilimleri \u00dcniversitesi Rekt\u00f6r\u00fc Prof. Dr. Ahmet Tekin, AK Parti \u0130l Ba\u015fkan\u0131 Ceyda \u00c7etin Erenler, il protokol\u00fc \u00fcyeleri ve \u00e7ok say\u0131da vatanda\u015f kat\u0131ld\u0131.<br \/><\/p>\n","protected":false},"excerpt":{"rendered":"<p>&#8220;15 Temmuz Demokrasi ve Milli Birlik G\u00fcn\u00fc&#8221; kapsam\u0131nda K\u00fctahya\u2019da y\u00fcr\u00fcy\u00fc\u015f d\u00fczenlendi. Vali Musa I\u015f\u0131n\u2019\u0131n kat\u0131l\u0131m\u0131yla d\u00fczenlenen y\u00fcr\u00fcy\u00fc\u015f, mehter tak\u0131m\u0131 e\u015fli\u011finde Ulu Cami \u00f6n\u00fcnden ba\u015flayarak Zafer Meydan\u0131\u2019nda sona erdi. Ellerinde dev T\u00fcrk bayraklar\u0131 ta\u015f\u0131yan vatanda\u015flar, y\u00fcr\u00fcy\u00fc\u015f boyunca demokrasiye ve milli iradeye sahip \u00e7\u0131kma kararl\u0131l\u0131klar\u0131n\u0131 bir kez daha g\u00fc\u00e7l\u00fc \u015fekilde g\u00f6sterdi. Y\u00fcr\u00fcy\u00fc\u015fe; AK Parti K\u00fctahya Milletvekilleri \u0130smail&#8230;<\/p>\n","protected":false},"author":1,"featured_media":42296,"comment_status":"open","ping_status":"open","sticky":false,"template":"","format":"standard","meta":{"_crdt_document":"","footnotes":""},"categories":[123],"tags":[],"class_list":["post-42295","post","type-post","status-publish","format-standard","has-post-thumbnail","hentry","category-gundem"],"_links":{"self":[{"href":"https:\/\/www.egemtv.com\/index.php?rest_route=\/wp\/v2\/posts\/42295","targetHints":{"allow":["GET"]}}],"collection":[{"href":"https:\/\/www.egemtv.com\/index.php?rest_route=\/wp\/v2\/posts"}],"about":[{"href":"https:\/\/www.egemtv.com\/index.php?rest_route=\/wp\/v2\/types\/post"}],"author":[{"embeddable":true,"href":"https:\/\/www.egemtv.com\/index.php?rest_route=\/wp\/v2\/users\/1"}],"replies":[{"embeddable":true,"href":"https:\/\/www.egemtv.com\/index.php?rest_route=%2Fwp%2Fv2%2Fcomments&post=42295"}],"version-history":[{"count":1,"href":"https:\/\/www.egemtv.com\/index.php?rest_route=\/wp\/v2\/posts\/42295\/revisions"}],"predecessor-version":[{"id":42297,"href":"https:\/\/www.egemtv.com\/index.php?rest_route=\/wp\/v2\/posts\/42295\/revisions\/42297"}],"wp:featuredmedia":[{"embeddable":true,"href":"https:\/\/www.egemtv.com\/index.php?rest_route=\/wp\/v2\/media\/42296"}],"wp:attachment":[{"href":"https:\/\/www.egemtv.com\/index.php?rest_route=%2Fwp%2Fv2%2Fmedia&parent=42295"}],"wp:term":[{"taxonomy":"category","embeddable":true,"href":"https:\/\/www.egemtv.com\/index.php?rest_route=%2Fwp%2Fv2%2Fcategories&post=42295"},{"taxonomy":"post_tag","embeddable":true,"href":"https:\/\/www.egemtv.com\/index.php?rest_route=%2Fwp%2Fv2%2Ftags&post=42295"}],"curies":[{"name":"wp","href":"https:\/\/api.w.org\/{rel}","templated":true}]}}