{"id":42292,"date":"2025-07-15T23:24:57","date_gmt":"2025-07-15T20:24:57","guid":{"rendered":"https:\/\/www.egemtv.com\/?p=42292"},"modified":"2025-07-15T23:25:01","modified_gmt":"2025-07-15T20:25:01","slug":"hisarcikta-15-temmuz-sehitleri-anma-demokrasi-ve-milli-birlik-gunu-programi","status":"publish","type":"post","link":"https:\/\/www.egemtv.com\/?p=42292","title":{"rendered":"Hisarc\u0131k\u2019ta &#8220;15 Temmuz \u015eehitleri Anma, Demokrasi ve Milli Birlik G\u00fcn\u00fc&#8221; program\u0131"},"content":{"rendered":"<p>K\u00fctahya\u2019n\u0131n Hisarc\u0131k il\u00e7esinde 15 Temmuz \u015eehitleri Anma, Demokrasi ve Milli Birlik G\u00fcn\u00fc dolay\u0131s\u0131yla \u00e7e\u015fitli etkinlikler ger\u00e7ekle\u015ftirildi.<br \/>\n<br \/>Cumhuriyet Meydan\u0131nda sayg\u0131 duru\u015fu ve \u0130stiklal Mar\u015f\u0131n\u0131n okunmas\u0131yla ba\u015flayan program \u00c7ar\u015f\u0131 Camii \u0130mam Hatip \u00dczeyir \u00c7al\u0131\u015fkan\u2019\u0131n Kur\u2019an tilaveti ve \u0130l\u00e7e M\u00fcft\u00fcl\u00fc\u011f\u00fc ilahi korosunun ilahileriyle devam etti.<br \/>\n<br \/>Programda bir konu\u015fma yapan Kaymakam Muhammet Samet Bahar, &#8220;Bug\u00fcn bir taraftan bir gecede 253 \u015fehidimizin ve 2 bin 200\u2019\u00fc a\u015fk\u0131n gazimizin h\u00fczn\u00fcn\u00fc tekrar ya\u015farken, di\u011fer taraftan da d\u00fcnyada e\u015fine az rastlanan bir direni\u015fe \u015fahit olman\u0131n hakl\u0131 gururunu yeniden ya\u015f\u0131yoruz. H\u00fcz\u00fcn ve gururun ayn\u0131 anda ya\u015fand\u0131\u011f\u0131 bu g\u00fcnde tekrar ifade etmemiz gerekir ki hi\u00e7bir zafer alt\u0131n tepside sunulmaz. Tarihimiz boyunca kazand\u0131\u011f\u0131m\u0131z her zaferin arkas\u0131nda bir fedakarl\u0131k vard\u0131r. Nas\u0131l \u0130stiklal Harbimiz \u00fclkemizde yeni bir d\u00f6nemi ba\u015flatm\u0131\u015fsa 15 Temmuz zaferimizde T\u00fcrkiye\u2019nin \u00f6n\u00fcnde yeni kap\u0131lar aralam\u0131\u015ft\u0131r. \u00dclkemizde ve b\u00f6lgemizde ya\u015fad\u0131\u011f\u0131m\u0131z olaylardan \u00e7\u0131karaca\u011f\u0131m\u0131z dersler \u0131\u015f\u0131\u011f\u0131nda kendimize g\u00fcvenli, g\u00fc\u00e7l\u00fc ve daha ayd\u0131nl\u0131k bir gelecek kurmak i\u00e7in daha \u00e7ok \u00e7al\u0131\u015fmak, en b\u00fcy\u00fck hedefimiz olmal\u0131d\u0131r&#8221; dedi.<\/p>\n<p>&#8220;15 Temmuz milletimizin bir d\u00f6n\u00fcm noktas\u0131 ve yeni bir kurtulu\u015f m\u00fccadelesi olmu\u015ftur&#8221;<br \/>\n<br \/>15 Temmuz\u2019un milletimizin bir d\u00f6n\u00fcm noktas\u0131 ve yeni bir kurtulu\u015f m\u00fccadelesi oldu\u011funa vurgu yapan Kaymakam Bahar, &#8220;15 Temmuz milletin demokrasiye ve h\u00fcrriyetine sahip \u00e7\u0131kma iradesi ile gelen zaferi olmu\u015ftur. O g\u00fcn dirili\u015f onurunu bize ya\u015fatan 15 Temmuz \u015fehitlerimizi ve gazilerimizi asla unutmayaca\u011f\u0131z. Bu topraklar\u0131 bizlere vatan yapan aziz \u015fehitlerimizi ve gazilerimizi bir kez daha sonsuz minnet ve \u015f\u00fckranla an\u0131yorum&#8221; diye konu\u015ftu.<br \/>\n<br \/>Program sinevizyon g\u00f6sterisi ve M\u00fcft\u00fc Vekili Bilal Aydo\u011fdu\u2019nun yapt\u0131\u011f\u0131 dua ile sona erdi. Programda kat\u0131l\u0131mc\u0131lara lokma ikram\u0131 yap\u0131ld\u0131.<br \/><\/p>\n","protected":false},"excerpt":{"rendered":"<p>K\u00fctahya\u2019n\u0131n Hisarc\u0131k il\u00e7esinde 15 Temmuz \u015eehitleri Anma, Demokrasi ve Milli Birlik G\u00fcn\u00fc dolay\u0131s\u0131yla \u00e7e\u015fitli etkinlikler ger\u00e7ekle\u015ftirildi. Cumhuriyet Meydan\u0131nda sayg\u0131 duru\u015fu ve \u0130stiklal Mar\u015f\u0131n\u0131n okunmas\u0131yla ba\u015flayan program \u00c7ar\u015f\u0131 Camii \u0130mam Hatip \u00dczeyir \u00c7al\u0131\u015fkan\u2019\u0131n Kur\u2019an tilaveti ve \u0130l\u00e7e M\u00fcft\u00fcl\u00fc\u011f\u00fc ilahi korosunun ilahileriyle devam etti. Programda bir konu\u015fma yapan Kaymakam Muhammet Samet Bahar, &#8220;Bug\u00fcn bir taraftan bir gecede&#8230;<\/p>\n","protected":false},"author":1,"featured_media":42293,"comment_status":"open","ping_status":"open","sticky":false,"template":"","format":"standard","meta":{"_crdt_document":"","footnotes":""},"categories":[123],"tags":[],"class_list":["post-42292","post","type-post","status-publish","format-standard","has-post-thumbnail","hentry","category-gundem"],"_links":{"self":[{"href":"https:\/\/www.egemtv.com\/index.php?rest_route=\/wp\/v2\/posts\/42292","targetHints":{"allow":["GET"]}}],"collection":[{"href":"https:\/\/www.egemtv.com\/index.php?rest_route=\/wp\/v2\/posts"}],"about":[{"href":"https:\/\/www.egemtv.com\/index.php?rest_route=\/wp\/v2\/types\/post"}],"author":[{"embeddable":true,"href":"https:\/\/www.egemtv.com\/index.php?rest_route=\/wp\/v2\/users\/1"}],"replies":[{"embeddable":true,"href":"https:\/\/www.egemtv.com\/index.php?rest_route=%2Fwp%2Fv2%2Fcomments&post=42292"}],"version-history":[{"count":1,"href":"https:\/\/www.egemtv.com\/index.php?rest_route=\/wp\/v2\/posts\/42292\/revisions"}],"predecessor-version":[{"id":42294,"href":"https:\/\/www.egemtv.com\/index.php?rest_route=\/wp\/v2\/posts\/42292\/revisions\/42294"}],"wp:featuredmedia":[{"embeddable":true,"href":"https:\/\/www.egemtv.com\/index.php?rest_route=\/wp\/v2\/media\/42293"}],"wp:attachment":[{"href":"https:\/\/www.egemtv.com\/index.php?rest_route=%2Fwp%2Fv2%2Fmedia&parent=42292"}],"wp:term":[{"taxonomy":"category","embeddable":true,"href":"https:\/\/www.egemtv.com\/index.php?rest_route=%2Fwp%2Fv2%2Fcategories&post=42292"},{"taxonomy":"post_tag","embeddable":true,"href":"https:\/\/www.egemtv.com\/index.php?rest_route=%2Fwp%2Fv2%2Ftags&post=42292"}],"curies":[{"name":"wp","href":"https:\/\/api.w.org\/{rel}","templated":true}]}}