{"id":42289,"date":"2025-07-15T22:56:23","date_gmt":"2025-07-15T19:56:23","guid":{"rendered":"https:\/\/www.egemtv.com\/?p=42289"},"modified":"2025-07-15T22:56:27","modified_gmt":"2025-07-15T19:56:27","slug":"otomobile-carpan-tir-surucusu-yaralandi","status":"publish","type":"post","link":"https:\/\/www.egemtv.com\/?p=42289","title":{"rendered":"Otomobile \u00e7arpan t\u0131r s\u00fcr\u00fcc\u00fcs\u00fc yaraland\u0131"},"content":{"rendered":"<p>Afyonkarahisar\u2019da ya\u011fmurdan dolay\u0131 kayarak kontrolden \u00e7\u0131kan t\u0131r \u00f6n\u00fcndeki otomobile \u00e7arpt\u0131. Kazadan dolay\u0131 karayolunda trafikte uzun ara\u00e7 kuyruklar\u0131 olu\u015ftu.<br \/>\n<br \/>Kaza, Sand\u0131kl\u0131 il\u00e7esi Ba\u015fa\u011fa\u00e7 rampas\u0131nda meydana geldi. Edinilen bilgilere g\u00f6re, R.S., y\u00f6netimindeki 32 PR 123 plakal\u0131 t\u0131r ya\u011fmurdan dolay\u0131 kayarak kontrolden \u00e7\u0131kt\u0131. Ara\u00e7 ard\u0131ndan \u00f6n\u00fcnde seyreden F.E., idaresindeki EUFE727 yabanc\u0131 plakal\u0131 otomobile \u00e7arpt\u0131. T\u0131r ard\u0131ndan yol ortas\u0131na makaslad\u0131. Kazada t\u0131r s\u00fcr\u00fcc\u00fcs\u00fc yaraland\u0131. Yaralanan s\u00fcr\u00fcc\u00fc \u00e7evredekilerin haber vermesi \u00fczerine olay yerine gelen ambulansla hastaneye kald\u0131r\u0131ld\u0131. Kazadan dolay\u0131 Afyonkarahisar Antalya karayolunun bir y\u00f6n\u00fcnde uzun ara\u00e7 kuyruklar\u0131 olu\u015ftu.<br \/>\n<br \/>Jandarma ekipleri trafi\u011fi normal ak\u0131\u015f\u0131na \u00e7evirmek i\u00e7in uzun s\u00fcre u\u011fra\u015f verdi.<br \/><\/p>\n","protected":false},"excerpt":{"rendered":"<p>Afyonkarahisar\u2019da ya\u011fmurdan dolay\u0131 kayarak kontrolden \u00e7\u0131kan t\u0131r \u00f6n\u00fcndeki otomobile \u00e7arpt\u0131. Kazadan dolay\u0131 karayolunda trafikte uzun ara\u00e7 kuyruklar\u0131 olu\u015ftu. Kaza, Sand\u0131kl\u0131 il\u00e7esi Ba\u015fa\u011fa\u00e7 rampas\u0131nda meydana geldi. Edinilen bilgilere g\u00f6re, R.S., y\u00f6netimindeki 32 PR 123 plakal\u0131 t\u0131r ya\u011fmurdan dolay\u0131 kayarak kontrolden \u00e7\u0131kt\u0131. Ara\u00e7 ard\u0131ndan \u00f6n\u00fcnde seyreden F.E., idaresindeki EUFE727 yabanc\u0131 plakal\u0131 otomobile \u00e7arpt\u0131. T\u0131r ard\u0131ndan yol ortas\u0131na&#8230;<\/p>\n","protected":false},"author":1,"featured_media":42290,"comment_status":"open","ping_status":"open","sticky":false,"template":"","format":"standard","meta":{"_crdt_document":"","footnotes":""},"categories":[5],"tags":[],"class_list":["post-42289","post","type-post","status-publish","format-standard","has-post-thumbnail","hentry","category-asayis"],"_links":{"self":[{"href":"https:\/\/www.egemtv.com\/index.php?rest_route=\/wp\/v2\/posts\/42289","targetHints":{"allow":["GET"]}}],"collection":[{"href":"https:\/\/www.egemtv.com\/index.php?rest_route=\/wp\/v2\/posts"}],"about":[{"href":"https:\/\/www.egemtv.com\/index.php?rest_route=\/wp\/v2\/types\/post"}],"author":[{"embeddable":true,"href":"https:\/\/www.egemtv.com\/index.php?rest_route=\/wp\/v2\/users\/1"}],"replies":[{"embeddable":true,"href":"https:\/\/www.egemtv.com\/index.php?rest_route=%2Fwp%2Fv2%2Fcomments&post=42289"}],"version-history":[{"count":1,"href":"https:\/\/www.egemtv.com\/index.php?rest_route=\/wp\/v2\/posts\/42289\/revisions"}],"predecessor-version":[{"id":42291,"href":"https:\/\/www.egemtv.com\/index.php?rest_route=\/wp\/v2\/posts\/42289\/revisions\/42291"}],"wp:featuredmedia":[{"embeddable":true,"href":"https:\/\/www.egemtv.com\/index.php?rest_route=\/wp\/v2\/media\/42290"}],"wp:attachment":[{"href":"https:\/\/www.egemtv.com\/index.php?rest_route=%2Fwp%2Fv2%2Fmedia&parent=42289"}],"wp:term":[{"taxonomy":"category","embeddable":true,"href":"https:\/\/www.egemtv.com\/index.php?rest_route=%2Fwp%2Fv2%2Fcategories&post=42289"},{"taxonomy":"post_tag","embeddable":true,"href":"https:\/\/www.egemtv.com\/index.php?rest_route=%2Fwp%2Fv2%2Ftags&post=42289"}],"curies":[{"name":"wp","href":"https:\/\/api.w.org\/{rel}","templated":true}]}}