{"id":42286,"date":"2025-07-15T22:56:19","date_gmt":"2025-07-15T19:56:19","guid":{"rendered":"https:\/\/www.egemtv.com\/?p=42286"},"modified":"2025-07-15T22:56:23","modified_gmt":"2025-07-15T19:56:23","slug":"sarigolde-15-temmuz-sehitleri-dualarla-anildi","status":"publish","type":"post","link":"https:\/\/www.egemtv.com\/?p=42286","title":{"rendered":"Sar\u0131g\u00f6l\u2019de 15 Temmuz \u015eehitleri dualarla an\u0131ld\u0131"},"content":{"rendered":"<p>Manisa\u2019n\u0131n Sar\u0131g\u00f6l il\u00e7esinde 15 Temmuz Demokrasi ve Milli Birlik G\u00fcn\u00fc dolay\u0131s\u0131yla d\u00fczenlenen anma program\u0131nda, \u015fehitler i\u00e7in dualar edildi.<br \/>\n<br \/>Etkinlikler kapsam\u0131nda Sar\u0131g\u00f6l H\u00fck\u00fcmet Kona\u011f\u0131 bah\u00e7esi \u00f6n\u00fcnde d\u00fczenlenen program, sayg\u0131 duru\u015funda bulunulmas\u0131 ve \u0130stiklal Mar\u015f\u0131\u2019n\u0131n okunmas\u0131yla ba\u015flad\u0131. Kur\u2019an-\u0131 Kerim okunmas\u0131yla devam eden programda t\u00fcm \u015fehitler i\u00e7in dualar edildi.<br \/>\n<br \/>Programda ayr\u0131ca 15 Temmuz 2016 gecesi ya\u015fanan hain darbe giri\u015fimini anlatan video ve sunumlar da kat\u0131l\u0131mc\u0131lara izletildi.<br \/>\n<br \/>Sar\u0131g\u00f6l H\u00fck\u00fcmet Kona\u011f\u0131 \u00f6n\u00fcndeki programa, Sar\u0131g\u00f6l Kaymakam\u0131 Halil Dalak, Sar\u0131g\u00f6l Belediye Ba\u015fkan\u0131 Tahsin Akdeniz, daire amirleri, siyasi parti temsilcileri ve \u00e7ok say\u0131da vatanda\u015f kat\u0131ld\u0131.<br \/>\n<br \/>Program, 15 Temmuz ruhunun diri tutulmas\u0131 ve \u015fehitlerin unutulmamas\u0131 ad\u0131na birlik ve beraberlik mesajlar\u0131yla son buldu.<br \/><\/p>\n","protected":false},"excerpt":{"rendered":"<p>Manisa\u2019n\u0131n Sar\u0131g\u00f6l il\u00e7esinde 15 Temmuz Demokrasi ve Milli Birlik G\u00fcn\u00fc dolay\u0131s\u0131yla d\u00fczenlenen anma program\u0131nda, \u015fehitler i\u00e7in dualar edildi. Etkinlikler kapsam\u0131nda Sar\u0131g\u00f6l H\u00fck\u00fcmet Kona\u011f\u0131 bah\u00e7esi \u00f6n\u00fcnde d\u00fczenlenen program, sayg\u0131 duru\u015funda bulunulmas\u0131 ve \u0130stiklal Mar\u015f\u0131\u2019n\u0131n okunmas\u0131yla ba\u015flad\u0131. Kur\u2019an-\u0131 Kerim okunmas\u0131yla devam eden programda t\u00fcm \u015fehitler i\u00e7in dualar edildi. Programda ayr\u0131ca 15 Temmuz 2016 gecesi ya\u015fanan hain darbe&#8230;<\/p>\n","protected":false},"author":1,"featured_media":42287,"comment_status":"open","ping_status":"open","sticky":false,"template":"","format":"standard","meta":{"_crdt_document":"","footnotes":""},"categories":[1],"tags":[],"class_list":["post-42286","post","type-post","status-publish","format-standard","has-post-thumbnail","hentry","category-guncel"],"_links":{"self":[{"href":"https:\/\/www.egemtv.com\/index.php?rest_route=\/wp\/v2\/posts\/42286","targetHints":{"allow":["GET"]}}],"collection":[{"href":"https:\/\/www.egemtv.com\/index.php?rest_route=\/wp\/v2\/posts"}],"about":[{"href":"https:\/\/www.egemtv.com\/index.php?rest_route=\/wp\/v2\/types\/post"}],"author":[{"embeddable":true,"href":"https:\/\/www.egemtv.com\/index.php?rest_route=\/wp\/v2\/users\/1"}],"replies":[{"embeddable":true,"href":"https:\/\/www.egemtv.com\/index.php?rest_route=%2Fwp%2Fv2%2Fcomments&post=42286"}],"version-history":[{"count":1,"href":"https:\/\/www.egemtv.com\/index.php?rest_route=\/wp\/v2\/posts\/42286\/revisions"}],"predecessor-version":[{"id":42288,"href":"https:\/\/www.egemtv.com\/index.php?rest_route=\/wp\/v2\/posts\/42286\/revisions\/42288"}],"wp:featuredmedia":[{"embeddable":true,"href":"https:\/\/www.egemtv.com\/index.php?rest_route=\/wp\/v2\/media\/42287"}],"wp:attachment":[{"href":"https:\/\/www.egemtv.com\/index.php?rest_route=%2Fwp%2Fv2%2Fmedia&parent=42286"}],"wp:term":[{"taxonomy":"category","embeddable":true,"href":"https:\/\/www.egemtv.com\/index.php?rest_route=%2Fwp%2Fv2%2Fcategories&post=42286"},{"taxonomy":"post_tag","embeddable":true,"href":"https:\/\/www.egemtv.com\/index.php?rest_route=%2Fwp%2Fv2%2Ftags&post=42286"}],"curies":[{"name":"wp","href":"https:\/\/api.w.org\/{rel}","templated":true}]}}