{"id":42283,"date":"2025-07-15T22:56:14","date_gmt":"2025-07-15T19:56:14","guid":{"rendered":"https:\/\/www.egemtv.com\/?p=42283"},"modified":"2025-07-15T22:56:19","modified_gmt":"2025-07-15T19:56:19","slug":"domates-yuklu-kamyon-sarampole-devrildi-1-olu","status":"publish","type":"post","link":"https:\/\/www.egemtv.com\/?p=42283","title":{"rendered":"Domates y\u00fckl\u00fc kamyon \u015farampole devrildi: 1 \u00f6l\u00fc"},"content":{"rendered":"<p>Burdur\u2019un G\u00f6lhisar il\u00e7esinde domates y\u00fckl\u00fc kamyonun \u015farampole devrilmesi sonucu meydana gelen kazada s\u00fcr\u00fcc\u00fc hayat\u0131n\u0131 kaybetti.<br \/>\n<br \/>Kaza, saat 19.30 s\u0131ralar\u0131nda G\u00f6lhisar il\u00e7esi Yusuf\u00e7a Kasabas\u0131 giri\u015finde meydana geldi. Edinilen bilgilere g\u00f6re halden domates y\u00fckleyerek yola \u00e7\u0131kan Abd\u00fclselam Denizcan (54) idaresindeki 35 DDR 78 plakal\u0131 Scania marka kamyon, s\u00fcr\u00fcc\u00fcs\u00fcn\u00fcn direksiyon s\u00fcr\u00fcc\u00fcs\u00fcn\u00fcn direksiyon hakimiyetini kaybetmesi sonucu takla atarak \u015farampole devrildi. Kazada s\u00fcr\u00fcc\u00fc ara\u00e7 i\u00e7erisinde s\u0131k\u0131\u015farak a\u011f\u0131r yaraland\u0131.   \u00c7evredekilerin 112 Acil \u00c7a\u011fr\u0131 Merkezi\u2019ne ihbar\u0131 \u00fczerine olay yerine sa\u011fl\u0131k, itfaiye ve jandarma ekipleri sevk edildi. Olay yerine gelen sa\u011fl\u0131k ekipleri taraf\u0131ndan yap\u0131lan kontrollerde Denizcan\u2019\u0131n hayat\u0131n\u0131 kaybetti\u011fi belirlendi. Savc\u0131 ve olay yeri inceleme ekiplerinin \u00e7al\u0131\u015fmalar\u0131n\u0131n ard\u0131ndan itfaiye ekipleri taraf\u0131ndan \u00e7\u0131kar\u0131lan Denizcan\u2019\u0131n cenazesi otopsi yap\u0131lmak \u00fczere morga kald\u0131r\u0131ld\u0131. Kamyon ise vin\u00e7 yard\u0131m\u0131yla olay yerinden kald\u0131r\u0131ld\u0131. Olayla ilgili inceleme ba\u015flat\u0131ld\u0131.<br \/><\/p>\n","protected":false},"excerpt":{"rendered":"<p>Burdur\u2019un G\u00f6lhisar il\u00e7esinde domates y\u00fckl\u00fc kamyonun \u015farampole devrilmesi sonucu meydana gelen kazada s\u00fcr\u00fcc\u00fc hayat\u0131n\u0131 kaybetti. Kaza, saat 19.30 s\u0131ralar\u0131nda G\u00f6lhisar il\u00e7esi Yusuf\u00e7a Kasabas\u0131 giri\u015finde meydana geldi. Edinilen bilgilere g\u00f6re halden domates y\u00fckleyerek yola \u00e7\u0131kan Abd\u00fclselam Denizcan (54) idaresindeki 35 DDR 78 plakal\u0131 Scania marka kamyon, s\u00fcr\u00fcc\u00fcs\u00fcn\u00fcn direksiyon s\u00fcr\u00fcc\u00fcs\u00fcn\u00fcn direksiyon hakimiyetini kaybetmesi sonucu takla atarak \u015farampole&#8230;<\/p>\n","protected":false},"author":1,"featured_media":42284,"comment_status":"open","ping_status":"open","sticky":false,"template":"","format":"standard","meta":{"_crdt_document":"","footnotes":""},"categories":[5],"tags":[],"class_list":["post-42283","post","type-post","status-publish","format-standard","has-post-thumbnail","hentry","category-asayis"],"_links":{"self":[{"href":"https:\/\/www.egemtv.com\/index.php?rest_route=\/wp\/v2\/posts\/42283","targetHints":{"allow":["GET"]}}],"collection":[{"href":"https:\/\/www.egemtv.com\/index.php?rest_route=\/wp\/v2\/posts"}],"about":[{"href":"https:\/\/www.egemtv.com\/index.php?rest_route=\/wp\/v2\/types\/post"}],"author":[{"embeddable":true,"href":"https:\/\/www.egemtv.com\/index.php?rest_route=\/wp\/v2\/users\/1"}],"replies":[{"embeddable":true,"href":"https:\/\/www.egemtv.com\/index.php?rest_route=%2Fwp%2Fv2%2Fcomments&post=42283"}],"version-history":[{"count":1,"href":"https:\/\/www.egemtv.com\/index.php?rest_route=\/wp\/v2\/posts\/42283\/revisions"}],"predecessor-version":[{"id":42285,"href":"https:\/\/www.egemtv.com\/index.php?rest_route=\/wp\/v2\/posts\/42283\/revisions\/42285"}],"wp:featuredmedia":[{"embeddable":true,"href":"https:\/\/www.egemtv.com\/index.php?rest_route=\/wp\/v2\/media\/42284"}],"wp:attachment":[{"href":"https:\/\/www.egemtv.com\/index.php?rest_route=%2Fwp%2Fv2%2Fmedia&parent=42283"}],"wp:term":[{"taxonomy":"category","embeddable":true,"href":"https:\/\/www.egemtv.com\/index.php?rest_route=%2Fwp%2Fv2%2Fcategories&post=42283"},{"taxonomy":"post_tag","embeddable":true,"href":"https:\/\/www.egemtv.com\/index.php?rest_route=%2Fwp%2Fv2%2Ftags&post=42283"}],"curies":[{"name":"wp","href":"https:\/\/api.w.org\/{rel}","templated":true}]}}