{"id":42280,"date":"2025-07-15T22:35:36","date_gmt":"2025-07-15T19:35:36","guid":{"rendered":"https:\/\/www.egemtv.com\/?p=42280"},"modified":"2025-07-15T22:35:38","modified_gmt":"2025-07-15T19:35:38","slug":"baskan-kepenekin-annesi-son-yolculuguna-dualarla-ugurlandi","status":"publish","type":"post","link":"https:\/\/www.egemtv.com\/?p=42280","title":{"rendered":"Ba\u015fkan Kepenek\u2019in annesi son yolculu\u011funa dualarla u\u011furland\u0131"},"content":{"rendered":"<p>Honaz Belediye Ba\u015fkan\u0131 Y\u00fcksel Kepenek\u2019in tedavi g\u00f6rd\u00fc\u011f\u00fc hastanede hayat\u0131n\u0131 kaybeden annesi Cavide Ay\u015fe Kepenek, son yolculu\u011funa dualarla u\u011furland\u0131.<\/p>\n<p>Honaz Belediye Ba\u015fkan\u0131 Y\u00fcksel Kepenek\u2019in 96 ya\u015f\u0131ndaki annesi Cavide Ay\u015fe Kepenek, bir s\u00fcredir ya\u015fl\u0131l\u0131\u011fa ba\u011fl\u0131 sebeplerle tedavi g\u00f6r\u00fcyordu. Denizli \u00d6zel Egekent Hastanesinde tedavi alt\u0131nda tutulan anne Kepenek, bug\u00fcn sabah saatlerinde hayat\u0131n\u0131 kaybetti. Ba\u015fkan Kepenek\u2019in annesi Cavide Ay\u015fe Kepenek\u2019in cenazesi, \u00c7ar\u015f\u0131 Camisinde k\u0131l\u0131nan cenaze namaz\u0131n\u0131n ard\u0131ndan Honaz Asri Mezarl\u0131kta dualarla son yolculu\u011funa u\u011furland\u0131.<\/p>\n<p>Annesini kaybetmenin ac\u0131s\u0131n\u0131 ya\u015fayan Ba\u015fkan Kepenek, cenaze t\u00f6reninde kendisini yaln\u0131z b\u0131rakmayan protokol \u00fcyeleri, i\u015f ve siyaset d\u00fcnyas\u0131ndan isimlerin taziye dileklerini kabul etti. T\u00f6rene Denizli Valisi \u00d6mer Faruk Co\u015fkun, , Denizli Milletvekili Sema Silkin \u00dcn, \u0130l Emniyet M\u00fcd\u00fcr\u00fc Yavuz Sa\u011fd\u0131\u00e7, Honaz Kaymakam\u0131 Vahit Y\u0131lmaz, Pamukkale \u00dcniversitesi Rekt\u00f6r\u00fc Mahmud G\u00fcng\u00f6r, Honaz \u0130l\u00e7e Jandarma Komutan\u0131 Jandarma \u00dcste\u011fmen Harun \u00d6zdemir, Tavas Belediye Ba\u015fkan\u0131 Kadir Tat\u0131k, Babada\u011f Belediye Ba\u015fkan\u0131 Murat Kumral, Denizli Sanayi Odas\u0131 Ba\u015fkan\u0131 Selim Kasapo\u011flu, belediye ba\u015fkanlar\u0131, siyasi parti temsilcileri ile ailenin yak\u0131nlar\u0131 kat\u0131ld\u0131.<\/p>\n<p>Ya\u015fad\u0131\u011f\u0131 ac\u0131 kayb\u0131ndan sosyal medya hesab\u0131ndan duygusal bir mesaj yay\u0131mlayan Ba\u015fkan Kepenek, &#8220;Can\u0131m anam Cavide Ay\u015fe Kepenek\u2019i maalesef kaybettik. Mekan\u0131n cennet olsun g\u00fczel anam&#8221; ifadelerini kulland\u0131.<br \/><\/p>\n","protected":false},"excerpt":{"rendered":"<p>Honaz Belediye Ba\u015fkan\u0131 Y\u00fcksel Kepenek\u2019in tedavi g\u00f6rd\u00fc\u011f\u00fc hastanede hayat\u0131n\u0131 kaybeden annesi Cavide Ay\u015fe Kepenek, son yolculu\u011funa dualarla u\u011furland\u0131. Honaz Belediye Ba\u015fkan\u0131 Y\u00fcksel Kepenek\u2019in 96 ya\u015f\u0131ndaki annesi Cavide Ay\u015fe Kepenek, bir s\u00fcredir ya\u015fl\u0131l\u0131\u011fa ba\u011fl\u0131 sebeplerle tedavi g\u00f6r\u00fcyordu. Denizli \u00d6zel Egekent Hastanesinde tedavi alt\u0131nda tutulan anne Kepenek, bug\u00fcn sabah saatlerinde hayat\u0131n\u0131 kaybetti. Ba\u015fkan Kepenek\u2019in annesi Cavide Ay\u015fe&#8230;<\/p>\n","protected":false},"author":1,"featured_media":42281,"comment_status":"open","ping_status":"open","sticky":false,"template":"","format":"standard","meta":{"_crdt_document":"","footnotes":""},"categories":[123],"tags":[],"class_list":["post-42280","post","type-post","status-publish","format-standard","has-post-thumbnail","hentry","category-gundem"],"_links":{"self":[{"href":"https:\/\/www.egemtv.com\/index.php?rest_route=\/wp\/v2\/posts\/42280","targetHints":{"allow":["GET"]}}],"collection":[{"href":"https:\/\/www.egemtv.com\/index.php?rest_route=\/wp\/v2\/posts"}],"about":[{"href":"https:\/\/www.egemtv.com\/index.php?rest_route=\/wp\/v2\/types\/post"}],"author":[{"embeddable":true,"href":"https:\/\/www.egemtv.com\/index.php?rest_route=\/wp\/v2\/users\/1"}],"replies":[{"embeddable":true,"href":"https:\/\/www.egemtv.com\/index.php?rest_route=%2Fwp%2Fv2%2Fcomments&post=42280"}],"version-history":[{"count":1,"href":"https:\/\/www.egemtv.com\/index.php?rest_route=\/wp\/v2\/posts\/42280\/revisions"}],"predecessor-version":[{"id":42282,"href":"https:\/\/www.egemtv.com\/index.php?rest_route=\/wp\/v2\/posts\/42280\/revisions\/42282"}],"wp:featuredmedia":[{"embeddable":true,"href":"https:\/\/www.egemtv.com\/index.php?rest_route=\/wp\/v2\/media\/42281"}],"wp:attachment":[{"href":"https:\/\/www.egemtv.com\/index.php?rest_route=%2Fwp%2Fv2%2Fmedia&parent=42280"}],"wp:term":[{"taxonomy":"category","embeddable":true,"href":"https:\/\/www.egemtv.com\/index.php?rest_route=%2Fwp%2Fv2%2Fcategories&post=42280"},{"taxonomy":"post_tag","embeddable":true,"href":"https:\/\/www.egemtv.com\/index.php?rest_route=%2Fwp%2Fv2%2Ftags&post=42280"}],"curies":[{"name":"wp","href":"https:\/\/api.w.org\/{rel}","templated":true}]}}