{"id":42277,"date":"2025-07-15T22:35:30","date_gmt":"2025-07-15T19:35:30","guid":{"rendered":"https:\/\/www.egemtv.com\/?p=42277"},"modified":"2025-07-15T22:35:36","modified_gmt":"2025-07-15T19:35:36","slug":"manisada-15-temmuz-sancak-kosusu-yapildi","status":"publish","type":"post","link":"https:\/\/www.egemtv.com\/?p=42277","title":{"rendered":"Manisa\u2019da \u201815 Temmuz Sancak Ko\u015fusu\u2019 yap\u0131ld\u0131"},"content":{"rendered":"<p>Gen\u00e7lik ve Spor Bakanl\u0131\u011f\u0131 taraf\u0131ndan 81 ilde e\u015f zamanl\u0131 olarak d\u00fczenlenen \u201915 Temmuz Sancak Ko\u015fusu\u2019, Manisa\u2019da da b\u00fcy\u00fck bir co\u015fkuyla ger\u00e7ekle\u015ftirildi.<br \/>\n<br \/>15 Temmuz Demokrasi ve Milli Birlik G\u00fcn\u00fc kapsam\u0131nda Manisa Gen\u00e7lik ve Spor \u0130l M\u00fcd\u00fcrl\u00fc\u011f\u00fc koordinesinde organize edilen ko\u015fuda, 25 milli sporcu 2 bin 500 metrelik parkuru \u2019Demokrasi Bilinci, Elden Ele Ta\u015f\u0131nan Bir Bayrak Yar\u0131\u015f\u0131d\u0131r\u2019 slogan\u0131yla tamamlad\u0131. Ko\u015fu, \u0130zmir Caddesi\u2019nden ba\u015flayarak Do\u011fu Caddesi, Kuyumcular Caddesi ve Cumhuriyet Meydan\u0131 g\u00fczergah\u0131nda yakla\u015f\u0131k 2 bu\u00e7uk kilometrelik mesafede ger\u00e7ekle\u015fti. Ay y\u0131ld\u0131zl\u0131 sanca\u011f\u0131 elden ele ta\u015f\u0131yan sporculara, g\u00fczergah boyunca vatanda\u015flar alk\u0131\u015flarla destek verdi.<br \/>\n<br \/>Her 100 metrede bir sanca\u011f\u0131 devralan sporcular\u0131n bayrak n\u00f6beti, Cumhuriyet Meydan\u0131\u2019nda sona erdi. Manisa Gen\u00e7lik ve Spor \u0130l M\u00fcd\u00fcr\u00fc Yunus \u00d6zt\u00fcrk, program sonunda ko\u015fuya kat\u0131lan sporcular\u0131 tebrik ederek kat\u0131l\u0131m belgelerini takdim etti ve g\u00fcn\u00fcn an\u0131s\u0131na hat\u0131ra foto\u011fraf\u0131 \u00e7ektirdi.<br \/><\/p>\n","protected":false},"excerpt":{"rendered":"<p>Gen\u00e7lik ve Spor Bakanl\u0131\u011f\u0131 taraf\u0131ndan 81 ilde e\u015f zamanl\u0131 olarak d\u00fczenlenen \u201915 Temmuz Sancak Ko\u015fusu\u2019, Manisa\u2019da da b\u00fcy\u00fck bir co\u015fkuyla ger\u00e7ekle\u015ftirildi. 15 Temmuz Demokrasi ve Milli Birlik G\u00fcn\u00fc kapsam\u0131nda Manisa Gen\u00e7lik ve Spor \u0130l M\u00fcd\u00fcrl\u00fc\u011f\u00fc koordinesinde organize edilen ko\u015fuda, 25 milli sporcu 2 bin 500 metrelik parkuru \u2019Demokrasi Bilinci, Elden Ele Ta\u015f\u0131nan Bir Bayrak Yar\u0131\u015f\u0131d\u0131r\u2019&#8230;<\/p>\n","protected":false},"author":1,"featured_media":42278,"comment_status":"open","ping_status":"open","sticky":false,"template":"","format":"standard","meta":{"_crdt_document":"","footnotes":""},"categories":[4],"tags":[],"class_list":["post-42277","post","type-post","status-publish","format-standard","has-post-thumbnail","hentry","category-spor"],"_links":{"self":[{"href":"https:\/\/www.egemtv.com\/index.php?rest_route=\/wp\/v2\/posts\/42277","targetHints":{"allow":["GET"]}}],"collection":[{"href":"https:\/\/www.egemtv.com\/index.php?rest_route=\/wp\/v2\/posts"}],"about":[{"href":"https:\/\/www.egemtv.com\/index.php?rest_route=\/wp\/v2\/types\/post"}],"author":[{"embeddable":true,"href":"https:\/\/www.egemtv.com\/index.php?rest_route=\/wp\/v2\/users\/1"}],"replies":[{"embeddable":true,"href":"https:\/\/www.egemtv.com\/index.php?rest_route=%2Fwp%2Fv2%2Fcomments&post=42277"}],"version-history":[{"count":1,"href":"https:\/\/www.egemtv.com\/index.php?rest_route=\/wp\/v2\/posts\/42277\/revisions"}],"predecessor-version":[{"id":42279,"href":"https:\/\/www.egemtv.com\/index.php?rest_route=\/wp\/v2\/posts\/42277\/revisions\/42279"}],"wp:featuredmedia":[{"embeddable":true,"href":"https:\/\/www.egemtv.com\/index.php?rest_route=\/wp\/v2\/media\/42278"}],"wp:attachment":[{"href":"https:\/\/www.egemtv.com\/index.php?rest_route=%2Fwp%2Fv2%2Fmedia&parent=42277"}],"wp:term":[{"taxonomy":"category","embeddable":true,"href":"https:\/\/www.egemtv.com\/index.php?rest_route=%2Fwp%2Fv2%2Fcategories&post=42277"},{"taxonomy":"post_tag","embeddable":true,"href":"https:\/\/www.egemtv.com\/index.php?rest_route=%2Fwp%2Fv2%2Ftags&post=42277"}],"curies":[{"name":"wp","href":"https:\/\/api.w.org\/{rel}","templated":true}]}}