{"id":42274,"date":"2025-07-15T22:33:07","date_gmt":"2025-07-15T19:33:07","guid":{"rendered":"https:\/\/www.egemtv.com\/?p=42274"},"modified":"2025-07-15T22:33:12","modified_gmt":"2025-07-15T19:33:12","slug":"manisada-15-temmuz-demokrasi-ve-milli-birlik-gunu-programi-gerceklestirildi","status":"publish","type":"post","link":"https:\/\/www.egemtv.com\/?p=42274","title":{"rendered":"Manisa\u2019da 15 Temmuz Demokrasi ve Milli Birlik G\u00fcn\u00fc program\u0131 ger\u00e7ekle\u015ftirildi"},"content":{"rendered":"<p>Manisa\u2019da 15 Temmuz Demokrasi ve Milli Birlik G\u00fcn\u00fc dolay\u0131s\u0131yla Cumhuriyet Meydan\u0131nda ger\u00e7ekle\u015ftirilen programda Manisal\u0131lar 9\u2019unucu y\u0131l\u0131n\u0131 geride b\u0131rakan 15 Temmuz hain darbe giri\u015fimini unutmad\u0131klar\u0131n\u0131 g\u00f6sterdi.<br \/>\n<br \/>Manisa\u2019da 15 Temmuz Demokrasi ve Milli Birlik G\u00fcn\u00fc dolay\u0131s\u0131yla Cumhuriyet Meydan\u0131nda mehter tak\u0131m\u0131n\u0131n g\u00f6sterisi ile ba\u015flayan programda \u015fehitler i\u00e7in sayg\u0131 duru\u015funda bulunulmas\u0131 ve \u0130stiklal Mar\u015f\u0131\u2019n\u0131n okunmas\u0131yla devam etti.<br \/>\n<br \/>Programda bir konu\u015fma yapan Manisa Valisi Vahdettin \u00d6zkan, &#8220;\u0130stiklal ve ba\u011f\u0131ms\u0131zl\u0131\u011f\u0131 i\u00e7in m\u00fccadele veren aziz milletimiz tarih boyunca nice \u015fanl\u0131 zaferler nice kahramanl\u0131k destanlar\u0131 yazm\u0131\u015ft\u0131r. Bu u\u011furda b\u00fcy\u00fck bedeller \u00f6deyen milletimiz, hi\u00e7bir d\u00f6nemde esaret alt\u0131nda ya\u015famam\u0131\u015f, kutsal bildi\u011fi vatan topra\u011f\u0131n\u0131 can\u0131 pahas\u0131na korumu\u015ftur. 15 Temmuz 2016\u2019da FET\u00d6 taraf\u0131ndan ger\u00e7ekle\u015ftirilen hain darbe giri\u015fimi, \u00fclkemizin birlik ve b\u00fct\u00fcnl\u00fc\u011f\u00fcn\u00fc, milli iradeyi ve demokrasimizi ortadan kald\u0131rmay\u0131 hedefleyen kara bir leke olarak tarihe ge\u00e7mi\u015ftir. Aziz Milletimiz, 15 Temmuz gecesi Cumhurba\u015fkan\u0131m\u0131z Say\u0131n Recep Tayyip Erdo\u011fan\u2019\u0131n \u00e7a\u011fr\u0131s\u0131yla yurdun d\u00f6rt bir yan\u0131nda meydanlara ak\u0131n etmi\u015f, tanklara ve mermilere direnmi\u015ftir. Milletimiz, her zaman oldu\u011fu gibi birlik ve beraberli\u011fine, istiklal ve istikbaline kast edenlere ge\u00e7it vermemi\u015ftir. Demokrasimize g\u00f6z diken kanl\u0131 ellerin hakimiyetine girmeyen T\u00fcrk milleti, cesareti ve kararl\u0131 duru\u015fuyla vatana ve millete olan ba\u011fl\u0131l\u0131\u011f\u0131n\u0131 bir kez daha g\u00f6stermi\u015ftir. Bilinmelidir ki; \u00fclkemizin ba\u011f\u0131ms\u0131zl\u0131\u011f\u0131na kasteden hi\u00e7bir i\u00e7 ve d\u0131\u015f tehdit kar\u015f\u0131s\u0131nda, asla geri ad\u0131m atmayaca\u011f\u0131z. T\u00fcm hain odaklara kar\u015f\u0131 m\u00fccadelemizi kararl\u0131l\u0131kla s\u00fcrd\u00fcrece\u011fiz. G\u00fc\u00e7l\u00fc T\u00fcrkiye idealimiz do\u011frultusunda medeniyet y\u00fcr\u00fcy\u00fc\u015f\u00fcm\u00fcze ayn\u0131 inan\u00e7la devam edece\u011fiz. Bu duygu ve d\u00fc\u015f\u00fcncelerle; bu topraklar\u0131 bize vatan k\u0131lan t\u00fcm ecdad\u0131m\u0131za, Cumhuriyetimizin Kurucusu Gazi Mustafa Kemal Atat\u00fcrk ve kahraman silah arkada\u015flar\u0131na, ba\u011f\u0131ms\u0131zl\u0131\u011f\u0131m\u0131z ve demokrasimiz u\u011fruna m\u00fccadele veren 15 Temmuz \u015fehitlerimize ve vatan\u0131m\u0131z u\u011fruna canlar\u0131n\u0131 feda eden t\u00fcm \u015fehitlerimize Allah\u2019tan rahmet diliyor, gazilerimizi \u015f\u00fckran ve minnetle an\u0131yorum. Rabbim; birlik ve beraberli\u011fimizi daim eylesin&#8221; dedi.<br \/>\n<br \/>Programda Cumhurba\u015fkan\u0131 Recep Tayyip Erdo\u011fan\u2019\u0131n G\u00f6lba\u015f\u0131 \u00d6zel Harekat Ba\u015fkanl\u0131\u011f\u0131nda d\u00fczenlenen 15 Temmuz Demokrasi ve Milli Birlik G\u00fcn\u00fc Anma Program\u0131\u2019na yapt\u0131\u011f\u0131 konu\u015fmas\u0131 meydandaki vatanda\u015flar taraf\u0131ndan izlendi. Manisa Celal Bayar \u00dcniversitesi \u00f6\u011fretim \u00fcyelerinden olu\u015fan grup taraf\u0131ndan verilen Tasavvuf Musikisi konserinin ard\u0131ndan Manisa \u0130l M\u00fcft\u00fcl\u00fc\u011f\u00fcnde g\u00f6revli imam hatip ve m\u00fcezzinler taraf\u0131ndan ilahiler okunarak dualar edildi.<br \/><\/p>\n","protected":false},"excerpt":{"rendered":"<p>Manisa\u2019da 15 Temmuz Demokrasi ve Milli Birlik G\u00fcn\u00fc dolay\u0131s\u0131yla Cumhuriyet Meydan\u0131nda ger\u00e7ekle\u015ftirilen programda Manisal\u0131lar 9\u2019unucu y\u0131l\u0131n\u0131 geride b\u0131rakan 15 Temmuz hain darbe giri\u015fimini unutmad\u0131klar\u0131n\u0131 g\u00f6sterdi. Manisa\u2019da 15 Temmuz Demokrasi ve Milli Birlik G\u00fcn\u00fc dolay\u0131s\u0131yla Cumhuriyet Meydan\u0131nda mehter tak\u0131m\u0131n\u0131n g\u00f6sterisi ile ba\u015flayan programda \u015fehitler i\u00e7in sayg\u0131 duru\u015funda bulunulmas\u0131 ve \u0130stiklal Mar\u015f\u0131\u2019n\u0131n okunmas\u0131yla devam etti. Programda bir&#8230;<\/p>\n","protected":false},"author":1,"featured_media":42275,"comment_status":"open","ping_status":"open","sticky":false,"template":"","format":"standard","meta":{"_crdt_document":"","footnotes":""},"categories":[1],"tags":[],"class_list":["post-42274","post","type-post","status-publish","format-standard","has-post-thumbnail","hentry","category-guncel"],"_links":{"self":[{"href":"https:\/\/www.egemtv.com\/index.php?rest_route=\/wp\/v2\/posts\/42274","targetHints":{"allow":["GET"]}}],"collection":[{"href":"https:\/\/www.egemtv.com\/index.php?rest_route=\/wp\/v2\/posts"}],"about":[{"href":"https:\/\/www.egemtv.com\/index.php?rest_route=\/wp\/v2\/types\/post"}],"author":[{"embeddable":true,"href":"https:\/\/www.egemtv.com\/index.php?rest_route=\/wp\/v2\/users\/1"}],"replies":[{"embeddable":true,"href":"https:\/\/www.egemtv.com\/index.php?rest_route=%2Fwp%2Fv2%2Fcomments&post=42274"}],"version-history":[{"count":1,"href":"https:\/\/www.egemtv.com\/index.php?rest_route=\/wp\/v2\/posts\/42274\/revisions"}],"predecessor-version":[{"id":42276,"href":"https:\/\/www.egemtv.com\/index.php?rest_route=\/wp\/v2\/posts\/42274\/revisions\/42276"}],"wp:featuredmedia":[{"embeddable":true,"href":"https:\/\/www.egemtv.com\/index.php?rest_route=\/wp\/v2\/media\/42275"}],"wp:attachment":[{"href":"https:\/\/www.egemtv.com\/index.php?rest_route=%2Fwp%2Fv2%2Fmedia&parent=42274"}],"wp:term":[{"taxonomy":"category","embeddable":true,"href":"https:\/\/www.egemtv.com\/index.php?rest_route=%2Fwp%2Fv2%2Fcategories&post=42274"},{"taxonomy":"post_tag","embeddable":true,"href":"https:\/\/www.egemtv.com\/index.php?rest_route=%2Fwp%2Fv2%2Ftags&post=42274"}],"curies":[{"name":"wp","href":"https:\/\/api.w.org\/{rel}","templated":true}]}}